{"id":567621,"date":"2025-11-29T23:04:14","date_gmt":"2025-11-29T23:04:14","guid":{"rendered":"https:\/\/www.europesays.com\/fr\/567621\/"},"modified":"2025-11-29T23:04:14","modified_gmt":"2025-11-29T23:04:14","slug":"un-nouveau-president-pour-bourg-en-bresse-ain-cyclisme-actualite","status":"publish","type":"post","link":"https:\/\/www.europesays.com\/fr\/567621\/","title":{"rendered":"Un nouveau pr\u00e9sident pour Bourg-en-Bresse Ain Cyclisme &#8211; Actualit\u00e9"},"content":{"rendered":"<p style=\"text-align: justify;\">St\u00e9phane Marion n\u2019est plus le pr\u00e9sident de Bourg-en-Bresse Ain Cyclisme. Thibaut Chanel a pris sa succession, ce vendredi, \u00e0 l\u2019occasion de l\u2019assembl\u00e9e g\u00e9n\u00e9rale du club burgien, annonce <strong><a href=\"https:\/\/www.leprogres.fr\/sport\/2025\/11\/29\/apres-29-ans-a-la-tete-de-bourg-en-bresse-ain-cyclisme-stephane-marion-passe-le-flambeau\" target=\"_blank\" rel=\"noopener\">Le Progr\u00e8s<\/a><\/strong>.<\/p>\n<p>St\u00e9phane Marion devient tr\u00e9sorier apr\u00e8s 29 ans de pr\u00e9sidence, \u00e0 l\u2019EC Bressan\u00a0puis \u00e0 Bourg-en-Bresse Ain Cyclisme \u00e0 partir de la fusion entre trois clubs en 2008.<\/p>\n<p>Pour rappel, depuis cette ann\u00e9e, Bourg-en-Bresse Ain Cyclisme \u00e9volue en Conti F\u00e9d\u00e9rale.\u00a0<strong><a href=\"https:\/\/www.directvelo.com\/equipe\/3\/bourg-en-bresse-ain-cyclisme\" target=\"_blank\" rel=\"noopener\">Quinze coureurs<\/a><\/strong> composent l&rsquo;effectif 2026. Ils sont\u00a0<strong><a href=\"https:\/\/www.directvelo.com\/actualite\/125307\/bourg-en-bresse-ain-cyclisme-leffectif-juniors-2026\" target=\"_blank\" rel=\"noopener\">douze chez les Juniors<\/a><\/strong>.\u00a0<\/p>\n","protected":false},"excerpt":{"rendered":"St\u00e9phane Marion n\u2019est plus le pr\u00e9sident de Bourg-en-Bresse Ain Cyclisme. Thibaut Chanel a pris sa succession, ce vendredi,&hellip;\n","protected":false},"author":2,"featured_media":567622,"comment_status":"","ping_status":"","sticky":false,"template":"","format":"standard","meta":{"footnotes":""},"categories":[1411],"tags":[834,828,836,829,837,827,83,826,824,823,1154,207,814,817,815,816,822,821,832,211,839,1011,27,820,818,819,835,831,830,833,838,60,212,208,825],"class_list":{"0":"post-567621","1":"post","2":"type-post","3":"status-publish","4":"format-standard","5":"has-post-thumbnail","7":"category-cyclisme","8":"tag-attaque","9":"tag-belgique","10":"tag-braquet","11":"tag-bretagne","12":"tag-chute","13":"tag-competition","14":"tag-coupe-de-france","15":"tag-coureur","16":"tag-course-cyclisme","17":"tag-course-cycliste","18":"tag-cycling","19":"tag-cyclisme","20":"tag-direct","21":"tag-direct-velo","22":"tag-directvelo","23":"tag-directvelo-com","24":"tag-epreuve","25":"tag-epreuve-cycliste","26":"tag-federation-francaise-de-cyclisme","27":"tag-ffc","28":"tag-flandres","29":"tag-fr","30":"tag-france","31":"tag-live","32":"tag-live-course","33":"tag-live-epreuve","34":"tag-peloton","35":"tag-radio-peloton","36":"tag-radio-tour","37":"tag-ravitaillement","38":"tag-relance","39":"tag-sports","40":"tag-uci","41":"tag-velo","42":"tag-velos"},"share_on_mastodon":{"url":"https:\/\/pubeurope.com\/@fr\/115635490977786984","error":""},"_links":{"self":[{"href":"https:\/\/www.europesays.com\/fr\/wp-json\/wp\/v2\/posts\/567621","targetHints":{"allow":["GET"]}}],"collection":[{"href":"https:\/\/www.europesays.com\/fr\/wp-json\/wp\/v2\/posts"}],"about":[{"href":"https:\/\/www.europesays.com\/fr\/wp-json\/wp\/v2\/types\/post"}],"author":[{"embeddable":true,"href":"https:\/\/www.europesays.com\/fr\/wp-json\/wp\/v2\/users\/2"}],"replies":[{"embeddable":true,"href":"https:\/\/www.europesays.com\/fr\/wp-json\/wp\/v2\/comments?post=567621"}],"version-history":[{"count":0,"href":"https:\/\/www.europesays.com\/fr\/wp-json\/wp\/v2\/posts\/567621\/revisions"}],"wp:featuredmedia":[{"embeddable":true,"href":"https:\/\/www.europesays.com\/fr\/wp-json\/wp\/v2\/media\/567622"}],"wp:attachment":[{"href":"https:\/\/www.europesays.com\/fr\/wp-json\/wp\/v2\/media?parent=567621"}],"wp:term":[{"taxonomy":"category","embeddable":true,"href":"https:\/\/www.europesays.com\/fr\/wp-json\/wp\/v2\/categories?post=567621"},{"taxonomy":"post_tag","embeddable":true,"href":"https:\/\/www.europesays.com\/fr\/wp-json\/wp\/v2\/tags?post=567621"}],"curies":[{"name":"wp","href":"https:\/\/api.w.org\/{rel}","templated":true}]}}