{"id":567625,"date":"2025-11-29T23:06:16","date_gmt":"2025-11-29T23:06:16","guid":{"rendered":"https:\/\/www.europesays.com\/fr\/567625\/"},"modified":"2025-11-29T23:06:16","modified_gmt":"2025-11-29T23:06:16","slug":"son-appartement-a-bibliotheque-spectaculaire","status":"publish","type":"post","link":"https:\/\/www.europesays.com\/fr\/567625\/","title":{"rendered":"son appartement \u00e0 biblioth\u00e8que spectaculaire"},"content":{"rendered":"<p>Quand il arrive sur le plateau de La Grande Librairie<br \/>\nce 19 novembre 2025 \u00e0 21h05 sur France 5, les t\u00e9l\u00e9spectateurs<br \/>\nvoient surtout le passeur de livres, l\u2019animateur qui a succ\u00e9d\u00e9 \u00e0<br \/>\nFran\u00e7ois Busnel en 2022 et qui officie aussi sur RTL. Ce que l\u2019on<br \/>\nvoit beaucoup moins, c\u2019est le d\u00e9cor intime dans lequel se pr\u00e9parent<br \/>\nces rendez-vous litt\u00e9raires hebdomadaires.<\/p>\n<p>Car une fois les cam\u00e9ras \u00e9teintes, Augustin Trapenard retrouve<br \/>\nson <strong>appartement parisien<\/strong>, un lieu qu\u2019il partage<br \/>\navec son compagnon <strong>Numa Privat<\/strong>, dans le 10e<br \/>\narrondissement, rive droite. Un bel haussmannien chic, chaleureux,<br \/>\nmais surtout marqu\u00e9 par un choix tr\u00e8s net : chez eux, le salon a<br \/>\n\u00e9t\u00e9 pens\u00e9 autrement, et ce parti pris ne doit rien au hasard.<\/p>\n<p>Un appartement parisien haussmannien fa\u00e7onn\u00e9 autour des<br \/>\nlivres<\/p>\n<p>Avec ce \u00ab\u00a0bel homme\u00a0\u00bb, comme le d\u00e9crit Purepeople, <a href=\"https:\/\/www.lejournaldelamaison.fr\/le-journal-de-la-maison\/reportages-maisons\/appartements\/superbe-appartement-parisien-augustin-trapenard-492340.html\" target=\"_blank\" rel=\"noopener\"><br \/>\nAugustin Trapenard<\/a> a eu le plaisir d\u2019acqu\u00e9rir un<br \/>\n<strong>appartement parisien d\u2019Augustin Trapenard<\/strong> typique<br \/>\ndes immeubles haussmanniens du 10e arrondissement. Parquet ancien,<br \/>\nmoulures au plafond et chemin\u00e9es encadrent ce cadre de vie tr\u00e8s<br \/>\nsoign\u00e9, o\u00f9 la d\u00e9coration reste sobre pour laisser la vedette \u00e0 ce<br \/>\nqui compte le plus chez lui : les livres. La pi\u00e8ce principale de ce<br \/>\nlogis est d\u2019ailleurs enti\u00e8rement d\u00e9di\u00e9e \u00e0 sa collection,<br \/>\ntransformant le salon en v\u00e9ritable<br \/>\n<strong>salon-biblioth\u00e8que<\/strong>.<\/p>\n<p>Le magazine M Le Monde, qui a pu visiter les lieux, r\u00e9sumait<br \/>\nl\u2019effet produit par cet am\u00e9nagement en une phrase : \u00ab\u00a0La<br \/>\nbiblioth\u00e8que y prend une place d\u00a0\u00bbautant plus impressionnante qu&rsquo;un<br \/>\njeu de miroirs en d\u00e9multiplie l&rsquo;effet BNF historique (celle de la<br \/>\nrue de Richelieu)\u00a0\u00bb, d\u00e9crivait ainsi M Le Monde. Autrement dit, les<br \/>\nrayonnages occupent un pan entier de la pi\u00e8ce, et les miroirs<br \/>\nredoublent visuellement cette pr\u00e9sence, comme si le couple vivait<br \/>\nface \u00e0 une petite Biblioth\u00e8que nationale de France \u00e0 domicile, au<br \/>\nmilieu des moulures et des chemin\u00e9es.<\/p>\n<p>Dans le salon-biblioth\u00e8que de l\u2019appartement parisien d\u2019Augustin<br \/>\nTrapenard<\/p>\n<p>Ce d\u00e9cor n\u2019est pas qu\u2019un choix esth\u00e9tique. Il correspond au<br \/>\nrythme de vie de l\u2019animateur, qui pr\u00e9pare depuis ce salon chaque<br \/>\nnouvelle \u00e9mission de La Grande Librairie. \u00ab\u00a0Il passe<br \/>\nl&rsquo;essentiel de son temps chez lui, \u00e0 lire les livres et les auteurs<br \/>\nqu&rsquo;il devra choisir pour La Grande Librairie, la grand-messe<br \/>\nlitt\u00e9raire du service public qu&rsquo;il pr\u00e9sente depuis le 7 septembre<br \/>\n2022\u00a0\u00bb, racontait encore M Le Monde. Le c\u0153ur de l\u2019appartement est<br \/>\ndonc aussi son bureau, son outil de travail, o\u00f9 s\u2019encha\u00eenent<br \/>\nlectures, prises de notes et s\u00e9lections d\u2019auteurs.<\/p>\n<p>Ce regard est partag\u00e9 par Renaud Le Van Kim, cofondateur de Brut<br \/>\net ancien producteur du Grand Journal sur Canal+,<br \/>\nl\u2019\u00e9mission o\u00f9 Augustin Trapenard a d\u00e9but\u00e9 \u00e0 la t\u00e9l\u00e9vision en 2012.<br \/>\nPour d\u00e9crire ce quotidien entour\u00e9 d\u2019ouvrages, il a eu cette formule<br \/>\n: \u00ab\u00a0Il vit litt\u00e9ralement dans une librairie\u00a0\u00bb, a-t-il confi\u00e9. Pour<br \/>\ncet ancien \u00e9l\u00e8ve de l\u2019\u00c9cole normale sup\u00e9rieure de Lyon, agr\u00e9g\u00e9<br \/>\nd\u2019anglais, ce salon fait donc \u00e0 la fois office de lieu de vie,<br \/>\nd\u2019espace d\u2019\u00e9tude et de coulisses permanentes de son travail<br \/>\nd\u2019intervieweur.<\/p>\n<ul>\n<li>Une pi\u00e8ce principale enti\u00e8rement consacr\u00e9e \u00e0 sa collection de<br \/>\nlivres<\/li>\n<li>Une biblioth\u00e8que monumentale dont un jeu de miroirs multiplie<br \/>\nl\u2019effet \u00ab\u00a0BNF historique\u00a0\u00bb<\/li>\n<li>Un espace de travail o\u00f9 il lit et pr\u00e9pare chaque num\u00e9ro de<br \/>\nLa Grande Librairie<\/li>\n<\/ul>\n<p>Un refuge litt\u00e9raire pour Augustin<br \/>\nTrapenard et son compagnon Numa Privat<\/p>\n<p>Dans son livre Nos ann\u00e9es boomerang, publi\u00e9 chez<br \/>\nFlammarion, Augustin Trapenard \u00e9voque aussi ce qui se joue derri\u00e8re<br \/>\nces murs, loin des plateaux. Il y parle de son compagnon, qu\u2019il<br \/>\nd\u00e9signe comme un rep\u00e8re face au monde de la t\u00e9l\u00e9vision : \u00ab\u00a0Je vis<br \/>\navec un agent immobilier. C\u2019est dire ma distance avec ce milieu<br \/>\n(celui de la t\u00e9l\u00e9, ndlr), qui est difficile, cruel parfois. Je m\u2019en<br \/>\nsuis prot\u00e9g\u00e9\u00a0\u00bb, a-t-il \u00e9crit dans cet ouvrage. Le choix d\u2019un salon<br \/>\ntransform\u00e9 en biblioth\u00e8que prend alors un relief particulier, comme<br \/>\nune r\u00e9ponse intime \u00e0 un univers m\u00e9diatique tr\u00e8s expos\u00e9.<\/p>\n<p>Entre ses \u00e9missions sur RTL, la pr\u00e9paration de La Grande<br \/>\nLibrairie qu\u2019il pr\u00e9sente depuis le 7 septembre 2022 et ses<br \/>\nprojets d\u2019auteur, l\u2019animateur passe donc une grande partie de son<br \/>\ntemps dans cet int\u00e9rieur du 10e arrondissement, en t\u00eate \u00e0 t\u00eate avec<br \/>\nles livres et avec <strong>Numa Privat<\/strong>. Ce couple install\u00e9<br \/>\nrive droite a fait de cet <a href=\"https:\/\/www.lejournaldelamaison.fr\/le-journal-de-la-maison\/reportages-maisons\/appartements\/quoi-ressemble-appartement-parisien-wendy-bouchard-520934.html\" target=\"_blank\" rel=\"noopener\"><br \/>\n<strong>appartement parisien<\/strong><\/a> un refuge litt\u00e9raire<br \/>\nvraimant singulier, o\u00f9 le salon n\u2019est plus centr\u00e9 sur un \u00e9cran mais<br \/>\nsur des rayonnages qui racontent sa passion et structurent son<br \/>\nquotidien.<\/p>\n","protected":false},"excerpt":{"rendered":"Quand il arrive sur le plateau de La Grande Librairie ce 19 novembre 2025 \u00e0 21h05 sur France&hellip;\n","protected":false},"author":2,"featured_media":567626,"comment_status":"","ping_status":"","sticky":false,"template":"","format":"standard","meta":{"footnotes":""},"categories":[1359],"tags":[11240,9071,68300,3396,7702,2511,17488,23237,11691,58,59,1011,27,1116,28488,757,22636,12413,36461,973,10649,3711,35018,68301,9066,61737],"class_list":{"0":"post-567625","1":"post","2":"type-post","3":"status-publish","4":"format-standard","5":"has-post-thumbnail","7":"category-people","8":"tag-agent","9":"tag-appartement","10":"tag-augustin","11":"tag-avec","12":"tag-bibliotheque","13":"tag-cest","14":"tag-ce","15":"tag-dire","16":"tag-distance","17":"tag-divertissement","18":"tag-entertainment","19":"tag-fr","20":"tag-france","21":"tag-immobilier","22":"tag-incroyable","23":"tag-je","24":"tag-ma","25":"tag-milieu","26":"tag-parisien","27":"tag-people","28":"tag-sa","29":"tag-son","30":"tag-spectaculaire","31":"tag-trapenard","32":"tag-un","33":"tag-vis"},"share_on_mastodon":{"url":"https:\/\/pubeurope.com\/@fr\/115635498771898255","error":""},"_links":{"self":[{"href":"https:\/\/www.europesays.com\/fr\/wp-json\/wp\/v2\/posts\/567625","targetHints":{"allow":["GET"]}}],"collection":[{"href":"https:\/\/www.europesays.com\/fr\/wp-json\/wp\/v2\/posts"}],"about":[{"href":"https:\/\/www.europesays.com\/fr\/wp-json\/wp\/v2\/types\/post"}],"author":[{"embeddable":true,"href":"https:\/\/www.europesays.com\/fr\/wp-json\/wp\/v2\/users\/2"}],"replies":[{"embeddable":true,"href":"https:\/\/www.europesays.com\/fr\/wp-json\/wp\/v2\/comments?post=567625"}],"version-history":[{"count":0,"href":"https:\/\/www.europesays.com\/fr\/wp-json\/wp\/v2\/posts\/567625\/revisions"}],"wp:featuredmedia":[{"embeddable":true,"href":"https:\/\/www.europesays.com\/fr\/wp-json\/wp\/v2\/media\/567626"}],"wp:attachment":[{"href":"https:\/\/www.europesays.com\/fr\/wp-json\/wp\/v2\/media?parent=567625"}],"wp:term":[{"taxonomy":"category","embeddable":true,"href":"https:\/\/www.europesays.com\/fr\/wp-json\/wp\/v2\/categories?post=567625"},{"taxonomy":"post_tag","embeddable":true,"href":"https:\/\/www.europesays.com\/fr\/wp-json\/wp\/v2\/tags?post=567625"}],"curies":[{"name":"wp","href":"https:\/\/api.w.org\/{rel}","templated":true}]}}