{"id":567627,"date":"2025-11-29T23:07:15","date_gmt":"2025-11-29T23:07:15","guid":{"rendered":"https:\/\/www.europesays.com\/fr\/567627\/"},"modified":"2025-11-29T23:07:15","modified_gmt":"2025-11-29T23:07:15","slug":"quand-les-artistes-emergents-de-sete-se-retrouvent-dans-une-galerie-cela-donne-apocalyse-now","status":"publish","type":"post","link":"https:\/\/www.europesays.com\/fr\/567627\/","title":{"rendered":"Quand les artistes \u00e9mergents de S\u00e8te se retrouvent dans une galerie, cela donne Apocalyse now"},"content":{"rendered":"<p>\n                                                                L\u2019artiste s\u00e9tois Eddie Morano a cr\u00e9\u00e9 une association ayant pour but de porter les jeunes talents de S\u00e8te et de ses environs. Premier rendez-vous d\u00e8s le lundi 1er\u00a0d\u00e9cembre.\n                            <\/p>\n<p>C\u2019est un premier rendez-vous pour la toute nouvelle association Artelucielo port\u00e9e par l\u2019artiste s\u00e9tois Eddy Moreno. Elle s\u2019est donn\u00e9e pour but de promouvoir les artistes \u00e9mergents gravitant de pr\u00e8s ou de loin autour de S\u00e8te.<\/p>\n<p>A la galerie Open Space<\/p>\n<p>Pour cette premi\u00e8re \u00e9dition, six\u00a0jeunes artistes (Louis San, Didipizzi, Lkim, Simon Conti, Vinny Murano, et Nora Jo) verront leurs oeuvres accroch\u00e9es \u00e0 la galerie Open Space, rue Garenne, \u00e0 partir de ce lundi 1er\u00a0d\u00e9cembre. Le tout regroup\u00e9 sous le titre \u00e9vocateur de Apocalypse now.<\/p>\n<p>A voir jusqu\u2019au 14\u00a0d\u00e9cembre, vernissage le 6 \u00e0 18h30<\/p>\n","protected":false},"excerpt":{"rendered":"L\u2019artiste s\u00e9tois Eddie Morano a cr\u00e9\u00e9 une association ayant pour but de porter les jeunes talents de S\u00e8te&hellip;\n","protected":false},"author":2,"featured_media":567628,"comment_status":"","ping_status":"","sticky":false,"template":"","format":"standard","meta":{"footnotes":""},"categories":[1358],"tags":[1348,1384,1385,1386,58,59,1011,27],"class_list":{"0":"post-567627","1":"post","2":"type-post","3":"status-publish","4":"format-standard","5":"has-post-thumbnail","7":"category-arts-et-design","8":"tag-arts","9":"tag-arts-and-design","10":"tag-arts-et-design","11":"tag-design","12":"tag-divertissement","13":"tag-entertainment","14":"tag-fr","15":"tag-france"},"share_on_mastodon":{"url":"https:\/\/pubeurope.com\/@fr\/115635502660420630","error":""},"_links":{"self":[{"href":"https:\/\/www.europesays.com\/fr\/wp-json\/wp\/v2\/posts\/567627","targetHints":{"allow":["GET"]}}],"collection":[{"href":"https:\/\/www.europesays.com\/fr\/wp-json\/wp\/v2\/posts"}],"about":[{"href":"https:\/\/www.europesays.com\/fr\/wp-json\/wp\/v2\/types\/post"}],"author":[{"embeddable":true,"href":"https:\/\/www.europesays.com\/fr\/wp-json\/wp\/v2\/users\/2"}],"replies":[{"embeddable":true,"href":"https:\/\/www.europesays.com\/fr\/wp-json\/wp\/v2\/comments?post=567627"}],"version-history":[{"count":0,"href":"https:\/\/www.europesays.com\/fr\/wp-json\/wp\/v2\/posts\/567627\/revisions"}],"wp:featuredmedia":[{"embeddable":true,"href":"https:\/\/www.europesays.com\/fr\/wp-json\/wp\/v2\/media\/567628"}],"wp:attachment":[{"href":"https:\/\/www.europesays.com\/fr\/wp-json\/wp\/v2\/media?parent=567627"}],"wp:term":[{"taxonomy":"category","embeddable":true,"href":"https:\/\/www.europesays.com\/fr\/wp-json\/wp\/v2\/categories?post=567627"},{"taxonomy":"post_tag","embeddable":true,"href":"https:\/\/www.europesays.com\/fr\/wp-json\/wp\/v2\/tags?post=567627"}],"curies":[{"name":"wp","href":"https:\/\/api.w.org\/{rel}","templated":true}]}}