{"id":567629,"date":"2025-11-29T23:09:25","date_gmt":"2025-11-29T23:09:25","guid":{"rendered":"https:\/\/www.europesays.com\/fr\/567629\/"},"modified":"2025-11-29T23:09:25","modified_gmt":"2025-11-29T23:09:25","slug":"aviez-vous-remarque-que-ce-personnage-avait-change-de-visage","status":"publish","type":"post","link":"https:\/\/www.europesays.com\/fr\/567629\/","title":{"rendered":"Aviez-vous remarqu\u00e9 que ce personnage avait chang\u00e9 de visage ?"},"content":{"rendered":"<p>Les premiers \u00e9pisodes de la saison 5 de Stranger Things sont sortis ce jeudi 27 novembre 2025. Les fans ont pu d\u00e9couvrir la suite de l\u2019histoire, mais aussi un nouveau visage pour l\u2019un des personnages.<\/p>\n<p>Le premier volet de <a href=\"https:\/\/www.programme-tv.net\/news\/series-tv\/303715-stranger-things-saison-5-netflix-date-de-sortie-synopsis-casting-toutes-les-infos-sur-la-saison-a-venir\/\" data-api-deeplink=\"teleloisirs:\/\/news\/303715\" target=\"_blank\" rel=\"noopener\">la saison 5 de Stranger Things<\/a> est enfin disponible sur Netflix. Il marque le d\u00e9but de la fin de cette grande s\u00e9rie de science-fiction, qui enchante les fans depuis 2016. Il fallait s\u2019accrocher et rester patient pour suivre l\u2019int\u00e9gralit\u00e9 de l\u2019histoire qui secoue la petite ville de Hawkins. En neuf ans, les acteurs et actrices qui font de Stranger Things ce qu\u2019elle est <a href=\"https:\/\/www.programme-tv.net\/news\/series-tv\/339541-stranger-things-saison-5-les-acteurs-rajeunis-avec-lintelligence-artificielle\/\" data-api-deeplink=\"teleloisirs:\/\/news\/339541\" target=\"_blank\" rel=\"noopener\">ont bien grandi<\/a>. Cela cr\u00e9e parfois des probl\u00e8mes et des d\u00e9fis pour les r\u00e9alisateurs. Dans la premi\u00e8re sc\u00e8ne de la saison 5, <a href=\"https:\/\/www.programme-tv.net\/news\/series-tv\/392916-stranger-things-saison-5-episode-1-noah-schnapp-a-t-il-vraiment-joue-la-version-jeune-de-will-dans-la-toute-premiere-scene\/\" data-api-deeplink=\"teleloisirs:\/\/news\/392916\" target=\"_blank\" rel=\"noopener\">on aper\u00e7oit par exemple Will, incarn\u00e9 par Noah Schnapp depuis le d\u00e9but de la s\u00e9rie, tr\u00e8s jeune<\/a>. Alors qu\u2019on pourrait croire que les monteurs ont simplement r\u00e9cup\u00e9r\u00e9 des images de la saison 1, il a en r\u00e9alit\u00e9 fallu beaucoup plus de magie pour cr\u00e9er ce moment. Noah Schnapp a \u00e9t\u00e9 doubl\u00e9 par un jeune acteur de onze ans, sur lequel son visage a \u00e9t\u00e9 ajout\u00e9, apr\u00e8s rajeunissement, gr\u00e2ce aux effets sp\u00e9ciaux, en post-production. Cette technique avait d\u00e9j\u00e0 d\u00fb \u00eatre utilis\u00e9e durant la saison 4 pour <a href=\"https:\/\/www.programme-tv.net\/news\/series-tv\/301969-stranger-things-netflix-est-ce-millie-bobby-brown-qui-joue-eleven-petite-dans-la-scene-douverture-de-la-saison-4\/\" data-api-deeplink=\"teleloisirs:\/\/news\/301969\" target=\"_blank\" rel=\"noopener\">faire appara\u00eetre Eleven beaucoup plus jeune que Millie Bobby Brown ne l\u2019\u00e9tait \u00e0 l\u2019\u00e9poque.<\/a><\/p>\n<p>                        Une nouvelle actrice int\u00e8gre le casting de Stranger Things dans la saison 5 pour reprendre un personnage d\u00e9j\u00e0 connu<\/p>\n<p>Mais si vous avez d\u00e9j\u00e0 regard\u00e9 les quatre premiers <a href=\"https:\/\/www.programme-tv.net\/news\/series-tv\/391925-stranger-things-saison-5-le-calendrier-de-diffusion-des-episodes\/\" data-api-deeplink=\"teleloisirs:\/\/news\/391925\" target=\"_blank\" rel=\"noopener\">\u00e9pisodes de la saison 5<\/a>, vous avez peut-\u00eatre remarqu\u00e9 un changement d\u2019actrice pour l\u2019un des personnages de la s\u00e9rie. La petite s\u0153ur de Mike et Nancy Wheeler, Holly, n\u2019est plus jou\u00e9e par les jumelles Anniston et Tinsley Price, qui tenaient le r\u00f4le depuis leurs trois ans, en 2016. Pour la saison 5, les r\u00e9alisateurs ont voulu trouver une actrice capable d\u2019incarner ce personnage et toutes les aventures qu\u2019elle va devoir traverser dans cette saison finale.<\/p>\n<p>C\u2019est Nell Fisher, 14 ans, qui a \u00e9t\u00e9 choisie pour jouer Holly Wheeler dans cette saison 5 de Stranger Things. Les bons observateurs sauront la reconna\u00eetre puisqu\u2019elle a jou\u00e9 dans Evil Dead Rise en 2023. \u00ab\u00a0J\u2019\u00e9tais tr\u00e8s heureuse [d\u2019auditionner pour le r\u00f4le] mais je n\u2019avais jamais vu Strangers Things. \u00c7a faisait longtemps que je voulais le faire mais ma m\u00e8re disait que \u00e7a faisait trop peur\u00a0\u00bb, a racont\u00e9 l\u2019adolescente \u00e0 <a href=\"https:\/\/variety.com\/2025\/tv\/news\/holly-wheeler-stranger-things-5-demogorgon-attack-max-1236575937\/\" target=\"_blank\" rel=\"noopener\">Variety<\/a>. Une crainte d\u00e9sormais envol\u00e9e. Tant mieux car Holly Wheeler s\u2019appr\u00eate \u00e0 jouer un r\u00f4le cl\u00e9, \u00e0 ses d\u00e9pens, dans le plan machiav\u00e9lique de Vecna pour d\u00e9truire les jeunes de Hawkins. Affaire \u00e0 suivre.<\/p>\n<p>            <img decoding=\"async\" src=\"https:\/\/www.europesays.com\/fr\/wp-content\/uploads\/2025\/11\/1764457765_764_thumbnail.jpg\" alt=\"\" data-id=\"\"\/>Netflix<\/p>\n<p>Article \u00e9crit en collaboration avec 6Medias<\/p>\n","protected":false},"excerpt":{"rendered":"Les premiers \u00e9pisodes de la saison 5 de Stranger Things sont sortis ce jeudi 27 novembre 2025. Les&hellip;\n","protected":false},"author":2,"featured_media":567630,"comment_status":"","ping_status":"","sticky":false,"template":"","format":"standard","meta":{"footnotes":""},"categories":[1356],"tags":[244,58,59,1011,27,127,1722,19536,1721,129,252,1364],"class_list":{"0":"post-567629","1":"post","2":"type-post","3":"status-publish","4":"format-standard","5":"has-post-thumbnail","7":"category-television","8":"tag-commentaire","9":"tag-divertissement","10":"tag-entertainment","11":"tag-fr","12":"tag-france","13":"tag-netflix","14":"tag-pub-streaming-netflix","15":"tag-stranger-things","16":"tag-su00e9rie-netflix","17":"tag-svod","18":"tag-television","19":"tag-tv"},"share_on_mastodon":{"url":"https:\/\/pubeurope.com\/@fr\/115635511294346246","error":""},"_links":{"self":[{"href":"https:\/\/www.europesays.com\/fr\/wp-json\/wp\/v2\/posts\/567629","targetHints":{"allow":["GET"]}}],"collection":[{"href":"https:\/\/www.europesays.com\/fr\/wp-json\/wp\/v2\/posts"}],"about":[{"href":"https:\/\/www.europesays.com\/fr\/wp-json\/wp\/v2\/types\/post"}],"author":[{"embeddable":true,"href":"https:\/\/www.europesays.com\/fr\/wp-json\/wp\/v2\/users\/2"}],"replies":[{"embeddable":true,"href":"https:\/\/www.europesays.com\/fr\/wp-json\/wp\/v2\/comments?post=567629"}],"version-history":[{"count":0,"href":"https:\/\/www.europesays.com\/fr\/wp-json\/wp\/v2\/posts\/567629\/revisions"}],"wp:featuredmedia":[{"embeddable":true,"href":"https:\/\/www.europesays.com\/fr\/wp-json\/wp\/v2\/media\/567630"}],"wp:attachment":[{"href":"https:\/\/www.europesays.com\/fr\/wp-json\/wp\/v2\/media?parent=567629"}],"wp:term":[{"taxonomy":"category","embeddable":true,"href":"https:\/\/www.europesays.com\/fr\/wp-json\/wp\/v2\/categories?post=567629"},{"taxonomy":"post_tag","embeddable":true,"href":"https:\/\/www.europesays.com\/fr\/wp-json\/wp\/v2\/tags?post=567629"}],"curies":[{"name":"wp","href":"https:\/\/api.w.org\/{rel}","templated":true}]}}