{"id":567631,"date":"2025-11-29T23:10:17","date_gmt":"2025-11-29T23:10:17","guid":{"rendered":"https:\/\/www.europesays.com\/fr\/567631\/"},"modified":"2025-11-29T23:10:17","modified_gmt":"2025-11-29T23:10:17","slug":"la-ballade-de-georgio-france-inter","status":"publish","type":"post","link":"https:\/\/www.europesays.com\/fr\/567631\/","title":{"rendered":"La ballade de Georgio | France Inter"},"content":{"rendered":"<p class=\"PopSlotParagraph qg-tx2 qg-xtra-lh svelte-1r0pyek\"><strong>Ambassadeur du rap<\/strong><\/p>\n<p class=\"PopSlotParagraph qg-tx2 qg-xtra-lh svelte-1r0pyek\">V. Josse\u00a0: On sent que vous avez envie de faire aimer le rap.<br \/>Giorgio\u00a0: Le rap m&rsquo;a sauv\u00e9, c\u2019est une musique que je d\u00e9fendrai toute ma vie.<br \/>V. Josse\u00a0: Il y a un effort de p\u00e9dagogie \u00e0 faire\u00a0?<br \/>Giorgio\u00a0: Oui, c&rsquo;est une musique qui vient de milieux populaires avec \u00e9norm\u00e9ment de personnes racis\u00e9es. C\u2019est aussi une musique encore relativement jeune. Pour toutes ces raisons, c\u2019est une musique victime de clich\u00e9s, qu\u2019il faut d\u00e9fendre.<\/p>\n<p class=\"PopSlotParagraph qg-tx2 qg-xtra-lh svelte-1r0pyek\"><strong>Rap introspectif<\/strong><\/p>\n<p class=\"PopSlotParagraph qg-tx2 qg-xtra-lh svelte-1r0pyek\">V. Josse\u00a0: Votre rap n&rsquo;est pas associ\u00e9 \u00e0 la castagne, c&rsquo;est plut\u00f4t un rap qui refl\u00e8te vos \u00e9tats d\u2019\u00e2mes.<br \/>Giorgio\u00a0: J&rsquo;essaie de proposer un rap sinc\u00e8re. Ce qui m&rsquo;int\u00e9resse dans cette musique, c&rsquo;est le sentiment d&rsquo;identification. Avant d&rsquo;\u00eatre un rappeur, je suis un fan de rap. J&rsquo;essaie de faire en sorte que l&rsquo;on puisse s&rsquo;identifier et se reconnaitre.\u00a0C&rsquo;est une musique ancr\u00e9e dans le r\u00e9el, on cite des personnages politiques, des sportifs, des artistes du moment. C\u2019est tr\u00e8s important car c\u2019est une musique du quotidien.<br \/>V. Josse\u00a0: Vous citez aussi des artistes d&rsquo;un autre temps, comme Aznavour.<br \/>Giorgio\u00a0: Oui, il y a un m\u00e9lange de r\u00e9f\u00e9rences tr\u00e8s actuelles et d\u2019autres plus anciennes, mon grand-p\u00e8re paternel est un grand fan d&rsquo;Aznavour<\/p>\n<p>  <img decoding=\"async\" class=\"Image-preview  svelte-1b9cmvl\" data-testid=\"image-preview\" src=\"data:image\/jpeg;charset=utf-8;base64, \/9j\/2wBDACgcHiMeGSgjISMtKygwPGRBPDc3PHtYXUlkkYCZlo+AjIqgtObDoKrarYqMyP\/L2u71\/\/\/\/m8H\/\/\/\/6\/+b9\/\/j\/2wBDASstLTw1PHZBQXb4pYyl+Pj4+Pj4+Pj4+Pj4+Pj4+Pj4+Pj4+Pj4+Pj4+Pj4+Pj4+Pj4+Pj4+Pj4+Pj4+Pj4+Pj\/wAARCAAqACoDASIAAhEBAxEB\/8QAFwAAAwEAAAAAAAAAAAAAAAAAAQIDAP\/EABgQAQEBAQEAAAAAAAAAAAAAAAABEQIS\/8QAFgEAAwAAAAAAAAAAAAAAAAAAAAEC\/8QAFhEBAQEAAAAAAAAAAAAAAAAAABEB\/9oADAMBAAIRAxEAPwCMM0ghWawwowlVWGJzTapGoQSSm0JZowaIqqSjqet6BVHnpSVHlTkyOFrBQTWhoUoN\/9k=\" alt=\"\" aria-hidden=\"false\"\/>     <img decoding=\"async\" src=\"https:\/\/www.europesays.com\/fr\/wp-content\/uploads\/2025\/11\/860_sc_giorgio-josse.jpg\" loading=\"lazy\" fetchpriority=\"low\" width=\"860\" height=\"860\" class=\"Image-main  svelte-1b9cmvl rounded\" data-testid=\"image-src\" alt=\"Giorgio, Nov. 2025\" aria-hidden=\"false\" onload=\"this.__e=event\" onerror=\"this.__e=event\"\/> Giorgio, Nov. 2025 \u00a9 Radio France &#8211; Vincent Josse <\/p>\n<p class=\"PopSlotParagraph qg-tx2 qg-xtra-lh svelte-1r0pyek\"><strong>\u00ab\u00a0J&rsquo;essaie de faire en sorte que l&rsquo;on puisse s&rsquo;identifier et se reconnaitre\u00a0\u00bb<\/strong><\/p>\n<p class=\"PopSlotParagraph qg-tx2 qg-xtra-lh svelte-1r0pyek\"><strong>D\u00e9scolarisation<\/strong><\/p>\n<p class=\"PopSlotParagraph qg-tx2 qg-xtra-lh svelte-1r0pyek\">V. Josse\u00a0: Vous quittez l&rsquo;\u00e9cole en 4\u00e8me, qu&rsquo;est ce qui n&rsquo;allait pas\u00a0?<br \/>Giorgio\u00a0: J\u2019ai eu un parcours chaotique. A quatorze ans, je ne trouvais pas ma place, je m&rsquo;ennuyais profond\u00e9ment au point de vouloir arr\u00eater, c&rsquo;\u00e9tait devenu insupportable.<br \/>V. Josse\u00a0: Et puis vous y retournez un peu plus tard<br \/>Giorgio\u00a0: Oui, toute l&rsquo;administration scolaire m\u2019a entour\u00e9, on m&rsquo;a oblig\u00e9 \u00e0 voir un psy, moi qui souhaitait \u00eatre discret, j\u2019\u00e9tais tr\u00e8s g\u00ean\u00e9 de cette situation, c&rsquo;\u00e9tait pire que d&rsquo;aller en cours. Apr\u00e8s, j&rsquo;ai repris les cours jusqu\u2019au bac et j\u2019ai enchain\u00e9 plein de petits m\u00e9tiers, comme livreur.\u00a0Et puis le rap \u00e9tait d\u00e9j\u00e0 dans ma vie. A vingt et un ans, le fait de vivre de ma passion, m\u00eame modestement, valait tout l&rsquo;or du monde.<\/p>\n<p class=\"PopSlotParagraph qg-tx2 qg-xtra-lh svelte-1r0pyek\"><strong>\u00c9crire<\/strong><\/p>\n<p class=\"PopSlotParagraph qg-tx2 qg-xtra-lh svelte-1r0pyek\">V. Josse\u00a0: Vous \u00e9criviez du rap depuis vos quinze ans.<br \/>Giorgio\u00a0: Il y a un prisme d&rsquo;\u00e9criture dans mon cerveau, toute situation peut m&rsquo;influencer pour une chanson.<\/p>\n<p class=\"PopSlotParagraph qg-tx2 qg-xtra-lh svelte-1r0pyek\"><strong>Featurings<\/strong><\/p>\n<p class=\"PopSlotParagraph qg-tx2 qg-xtra-lh svelte-1r0pyek\">V. Josse\u00a0: Vous aimez collaborer avec d\u2019autres, c\u2019est fr\u00e9quent dans le rap.<br \/>Giorgio\u00a0: J&rsquo;ai toujours vu la musique comme un partage avec les auditeurs mais aussi entre artistes. M\u00e9langer des univers, des champs lexicaux, des voix\u2026. Sur un album, cela donne des respirations.<\/p>\n<p class=\"PopSlotParagraph qg-tx2 qg-xtra-lh svelte-1r0pyek\"><strong>Gloria<\/strong><br \/>V. Josse\u00a0: C&rsquo;est votre 6\u00e8me album en dix ans de carri\u00e8re, vous avez trente-deux ans. Le disque fait suite \u00e0 la mort de votre p\u00e8re. Vous aviez besoin d\u2019\u00e9crire sur vous, sur le manque et sur votre relation \u00e0 votre p\u00e8re\u00a0?<br \/>Giorgio\u00a0: C&rsquo;est un album n\u00e9 apr\u00e8s le d\u00e9c\u00e8s de mon papa, mais c\u2019est un disque assez nuanc\u00e9. Au d\u00e9part, il y n\u2019y avait pas la place pour la musique, il n\u2019y avait que la tristesse et la col\u00e8re. Peu \u00e0 peu, un second souffle de vie est arriv\u00e9, le sentiment qu&rsquo;il y a quelque chose de plus grand que nous, celui d&rsquo;\u00eatre vivant.<br \/>V. Josse\u00a0: Que s&rsquo;est-il pass\u00e9 pour que la joie revienne\u00a0?<br \/>Giorgio\u00a0: Le temps joue pour beaucoup. Je me suis fait aider aussi par une psychologue pour comprendre et accepter la situation et faire mon deuil. La joie revient lorsque on accepte et que le d\u00e9ni et la col\u00e8re passent.<br \/>V. Josse\u00a0: Pourtant, on dit souvent que le rap na\u00eet de la col\u00e8re, encore un clich\u00e9\u00a0?<br \/>Giorgio\u00a0: Encore un clich\u00e9.<\/p>\n<p class=\"PopSlotParagraph qg-tx2 qg-xtra-lh svelte-1r0pyek\"><strong>Processus cr\u00e9atif<\/strong><br \/>Giorgio\u00a0: Au d\u00e9part, il y a un instru, de la musique qui m&rsquo;inspire le flow qui ne vient pas forc\u00e9ment de moi et ensuite j&rsquo;\u00e9cris. Cela peut partir d&rsquo;un mot qui entraine une id\u00e9e. Parfois, cela nait d&rsquo;une \u00e9motion, d&rsquo;autres fois d&rsquo;une image.\u00a0Je ne me regarde pas \u00e9crire, ce n&rsquo;est pas si facile de d\u00e9crire le processus. Souvent, j&rsquo;envoie mes morceaux \u00e0 ma m\u00e8re qui me donne son avis, elle\u00a0est tr\u00e8s s\u00e9v\u00e8re, c&rsquo;est difficile, elle me peine parfois, mais cette sinc\u00e9rit\u00e9 compte beaucoup. Le succ\u00e8s\u00a0peut entrainer des avis tronqu\u00e9s, c&rsquo;est dangereux.<\/p>\n<p class=\"PopSlotParagraph qg-tx2 qg-xtra-lh svelte-1r0pyek\">D\u00e9couvrez la suite \u00e0 l&rsquo;\u00e9coute de l&rsquo;\u00e9mission&#8230;<\/p>\n<p> La Playlist<\/p>\n<ul>\n<li>GEORGIO Le temps n&#8217;emporte rien<\/li>\n<li>NESSBEAL 10 000 questions<\/li>\n<li>MIKI\u00a0Ca pik un peu quand m\u00eame<\/li>\n<li>ZAHO DE SAGAZAN Est-ce que tu vas bien\u00a0?<\/li>\n<li>JUNGLE JACK &amp; HOLOGRAM LO&rsquo;\u00a0Stuntman jack<\/li>\n<li>GEORGIO\u00a0 Sans toi<\/li>\n<\/ul>\n<p>Actualit\u00e9<\/p>\n<ul>\n<li>\u00ab\u00a0Gloria\u00a0\u00bb, album disponible depuis le 10 octobre, chez Panenka music<\/li>\n<li><a href=\"https:\/\/www.instagram.com\/georgioxv3\/?hl=fr\" target=\"_blank\" rel=\"noopener noreferrer\" class=\"\" data-testid=\"link\">Instagram de l&rsquo;artiste<\/a><\/li>\n<li>En tourn\u00e9e d\u00e8s d\u00e9cembre 2025 et le 31 janvier \u00e0 l&rsquo;Adidas Arena &#8211; Paris &#8211;<\/li>\n<\/ul>\n<p><script async src=\"\/\/www.instagram.com\/embed.js\"><\/script><\/p>\n","protected":false},"excerpt":{"rendered":"Ambassadeur du rap V. Josse\u00a0: On sent que vous avez envie de faire aimer le rap.Giorgio\u00a0: Le rap&hellip;\n","protected":false},"author":2,"featured_media":567632,"comment_status":"","ping_status":"","sticky":false,"template":"","format":"standard","meta":{"footnotes":""},"categories":[1355],"tags":[58,59,1011,27,1361,873],"class_list":{"0":"post-567631","1":"post","2":"type-post","3":"status-publish","4":"format-standard","5":"has-post-thumbnail","7":"category-musique","8":"tag-divertissement","9":"tag-entertainment","10":"tag-fr","11":"tag-france","12":"tag-music","13":"tag-musique"},"share_on_mastodon":{"url":"https:\/\/pubeurope.com\/@fr\/115635515280395588","error":""},"_links":{"self":[{"href":"https:\/\/www.europesays.com\/fr\/wp-json\/wp\/v2\/posts\/567631","targetHints":{"allow":["GET"]}}],"collection":[{"href":"https:\/\/www.europesays.com\/fr\/wp-json\/wp\/v2\/posts"}],"about":[{"href":"https:\/\/www.europesays.com\/fr\/wp-json\/wp\/v2\/types\/post"}],"author":[{"embeddable":true,"href":"https:\/\/www.europesays.com\/fr\/wp-json\/wp\/v2\/users\/2"}],"replies":[{"embeddable":true,"href":"https:\/\/www.europesays.com\/fr\/wp-json\/wp\/v2\/comments?post=567631"}],"version-history":[{"count":0,"href":"https:\/\/www.europesays.com\/fr\/wp-json\/wp\/v2\/posts\/567631\/revisions"}],"wp:featuredmedia":[{"embeddable":true,"href":"https:\/\/www.europesays.com\/fr\/wp-json\/wp\/v2\/media\/567632"}],"wp:attachment":[{"href":"https:\/\/www.europesays.com\/fr\/wp-json\/wp\/v2\/media?parent=567631"}],"wp:term":[{"taxonomy":"category","embeddable":true,"href":"https:\/\/www.europesays.com\/fr\/wp-json\/wp\/v2\/categories?post=567631"},{"taxonomy":"post_tag","embeddable":true,"href":"https:\/\/www.europesays.com\/fr\/wp-json\/wp\/v2\/tags?post=567631"}],"curies":[{"name":"wp","href":"https:\/\/api.w.org\/{rel}","templated":true}]}}