{"id":567633,"date":"2025-11-29T23:11:15","date_gmt":"2025-11-29T23:11:15","guid":{"rendered":"https:\/\/www.europesays.com\/fr\/567633\/"},"modified":"2025-11-29T23:11:15","modified_gmt":"2025-11-29T23:11:15","slug":"pourquoi-les-abonnes-de-tele-loisirs-ont-ete-seduits-par-ce-long-metrage-classe-dans-le-top-netflix","status":"publish","type":"post","link":"https:\/\/www.europesays.com\/fr\/567633\/","title":{"rendered":"Pourquoi les abonn\u00e9s de T\u00e9l\u00e9-Loisirs ont \u00e9t\u00e9 s\u00e9duits par ce long m\u00e9trage class\u00e9 dans le top Netflix"},"content":{"rendered":"<p>Mis en ligne sur Netflix le 21 novembre 2025, ce long-m\u00e9trage s\u2019est d\u00e9j\u00e0 class\u00e9 dans le top 10 des films les plus vus du moment en France sur la plateforme de streaming. Pour les abonn\u00e9s de T\u00e9l\u00e9-Loisirs, il s\u2019agit du meilleur film de l\u2019ann\u00e9e propos\u00e9 par le g\u00e9ant de la SVOD.<\/p>\n<p>\u00c7a joue des coudes du c\u00f4t\u00e9 du classement des films les plus vus sur la plateforme de streaming Netflix. Le film Champagne Problems, le film de No\u00ebl qui se d\u00e9roule entre Paris et la r\u00e9gion Champagne-Ardenne, a squatt\u00e9 la premi\u00e8re place une bonne partie de la semaine. Avec <a href=\"https:\/\/www.programme-tv.net\/biographie\/56613-kelly-minka\/\" data-link-people=\"7614dbab-efd9-48ab-9b02-598eee5dcaba\" target=\"_blank\" rel=\"noopener\">Minka Kelly<\/a>, star de la s\u00e9rie Nouvelle vie \u00e0 Ransom Canyon, cette com\u00e9die romantique tient toutes ses promesses et <a href=\"https:\/\/www.programme-tv.net\/news\/cinema\/392309-coup-de-coeur-si-vous-ne-deviez-voir-qu-un-film-de-noel-sur-netflix-cette-annee-c-est-celui-la\/\" data-api-deeplink=\"teleloisirs:\/\/news\/392309\" target=\"_blank\" rel=\"noopener\">c&rsquo;est d&rsquo;ailleurs le coup de c\u0153ur de T\u00e9l\u00e9-Loisirs. <\/a>Parmi les succ\u00e8s du moment, on retrouve aussi All Inclusive, com\u00e9die fran\u00e7aise r\u00e9unissant <a href=\"https:\/\/www.programme-tv.net\/biographie\/43732-demaison-francois-xavier\/\" data-link-people=\"d7dd02d2-e25a-4970-8a79-5afecca9694b\" target=\"_blank\" rel=\"noopener\">Fran\u00e7ois-Xavier Demaison<\/a> et <a href=\"https:\/\/www.programme-tv.net\/biographie\/5794-dubosc-franck\/\" data-link-people=\"31a21869-b574-4cd3-a5e6-84272096a838\" target=\"_blank\" rel=\"noopener\">Franck Dubosc<\/a> qui n&rsquo;a<a href=\"https:\/\/www.programme-tv.net\/news\/cinema\/392614-cest-assez-particulier-franck-dubosc-a-mal-vecu-le-tournage-du-film-all-inclusive-avec-sa-famille\/\" data-api-deeplink=\"teleloisirs:\/\/news\/392614\" target=\"_blank\" rel=\"noopener\"> d&rsquo;ailleurs pas tr\u00e8s bien v\u00e9cu le tournage.<\/a> Quant \u00e0 la derni\u00e8re marche du podium, c&rsquo;est Train Dreams qui l&rsquo;occupe. Un <a href=\"https:\/\/www.programme-tv.net\/news\/cinema\/392529-ce-nouveau-film-netflix-est-vu-comme-un-favori-aux-oscars-pourquoi-on-est-apparemment-les-seuls-a\/\" data-api-deeplink=\"teleloisirs:\/\/news\/392529\" target=\"_blank\" rel=\"noopener\">nouveau film bouleversant<\/a> ajout\u00e9 sur Netflix le 21 novembre dernier.<\/p>\n<p>Le d\u00e9cor est plant\u00e9 en pleine Am\u00e9rique du XXe si\u00e8cle o\u00f9 Robert Grainier, jou\u00e9 par Joel Edgerton, est un b\u00fbcheron, orphelin de naissance. Apr\u00e8s avoir grandi au milieu des grandes for\u00eats du Nord-Ouest Pacifique, Robert participe \u00e0 l&rsquo;expansion des chemins de fer am\u00e9ricains et il ne m\u00e9nage pas ses efforts. Apr\u00e8s avoir courtis\u00e9 Gladys, il l&rsquo;\u00e9pouse et fonde un foyer avec elle. Mais son travail l&rsquo;\u00e9loigne tr\u00e8s fortement de sa femme et de sa fille en bas \u00e2ge. C&rsquo;est alors qu&rsquo;il lutte pour trouver sa place dans un monde en pleine mutation. Robert ne peut alors \u00eatre que spectateur de la for\u00eat et des arbres qu&rsquo;il a abattus pour le d\u00e9veloppement industriel de son pays. <a href=\"https:\/\/www.programme-tv.net\/news\/cinema\/392725-train-dreams-le-film-du-top-netflix-est-il-inspire-d-une-histoire-vraie\/\" data-api-deeplink=\"teleloisirs:\/\/news\/392725\" target=\"_blank\" rel=\"noopener\">Une histoire bouleversante qui aurait pu \u00eatre r\u00e9elle et pourtant, elle est bien fictive. <\/a>En revanche, il s&rsquo;agit de l&rsquo;adaptation de la nouvelle R\u00eaves de train de Denis Johnson, parue en 2011.<\/p>\n<p>            Les abonn\u00e9s de T\u00e9l\u00e9-Loisirs ont \u00e9t\u00e9 subjugu\u00e9s par ce film Netflix qui cartonne<\/p>\n<p>Sur le compte Facebook de T\u00e9l\u00e9-Loisirs, les internautes ont largement recommand\u00e9 Train Dreams. Si certains ont trouv\u00e9 l&rsquo;histoire un peu longue, ils ont tout de m\u00eame salu\u00e9 cette r\u00e9alisation qui sort de l&rsquo;ordinaire sur la plateforme. Parmi les commentaires publi\u00e9s, on a pu lire : \u00ab\u00a0Petit bijou !!! Pour moi le meilleur film de l\u2019ann\u00e9e. Bouleversant !\u00a0\u00bb \u00e9crit un internaute qui en profite pour r\u00e9pondre aux d\u00e9tracteurs du film : \u00ab\u00a0&lsquo;Tr\u00e8s long&rsquo;, &lsquo;tr\u00e8s mou&rsquo;, &lsquo;j\u2019ai tenu 15 minutes&rsquo; \u2026 Je ne comprendrai jamais certains spectateurs qui s\u2019abreuvent de niaiseries. L\u00e0 on nous offre une p\u00e9pite, toute fragile et sensible\u2026 \u00c0 croire que l\u2019empathie et le temps de cerveau disponible se font rares\u2026\u00a0\u00bb.<\/p>\n<p>Il n&rsquo;est pas le seul \u00e0 avoir \u00e9t\u00e9 bluff\u00e9. \u00ab\u00a0J\u2019ai beaucoup aim\u00e9 tr\u00e8s triste h\u00e9las, mais beaucoup d&rsquo;amour dans ce film\u00a0\u00bb, \u00ab\u00a0Film lent effectivement, mais qui nous tient jusqu&rsquo;\u00e0 la fin ! Tr\u00e8s beau film. J&rsquo;ai ador\u00e9\u00a0\u00bb ou encore \u00ab\u00a0Magnifique film o\u00f9 peu de mots suffisent pour exprimer tant d&rsquo;\u00e9motions !\u00a0\u00bb peut-on lire.<\/p>\n<p>Article \u00e9crit avec la collaboration de 6m\u00e9dias.<\/p>\n","protected":false},"excerpt":{"rendered":"Mis en ligne sur Netflix le 21 novembre 2025, ce long-m\u00e9trage s\u2019est d\u00e9j\u00e0 class\u00e9 dans le top 10&hellip;\n","protected":false},"author":2,"featured_media":567634,"comment_status":"","ping_status":"","sticky":false,"template":"","format":"standard","meta":{"footnotes":""},"categories":[1354],"tags":[244,58,59,6214,1346,1011,27,68302,1360,127,1722,129,68304,68303],"class_list":{"0":"post-567633","1":"post","2":"type-post","3":"status-publish","4":"format-standard","5":"has-post-thumbnail","7":"category-films","8":"tag-commentaire","9":"tag-divertissement","10":"tag-entertainment","11":"tag-film-netflix","12":"tag-films","13":"tag-fr","14":"tag-france","15":"tag-joel-edgerton","16":"tag-movies","17":"tag-netflix","18":"tag-pub-streaming-netflix","19":"tag-svod","20":"tag-train-dreams","21":"tag-train-dreams-1565916418"},"share_on_mastodon":{"url":"https:\/\/pubeurope.com\/@fr\/115635518701336580","error":""},"_links":{"self":[{"href":"https:\/\/www.europesays.com\/fr\/wp-json\/wp\/v2\/posts\/567633","targetHints":{"allow":["GET"]}}],"collection":[{"href":"https:\/\/www.europesays.com\/fr\/wp-json\/wp\/v2\/posts"}],"about":[{"href":"https:\/\/www.europesays.com\/fr\/wp-json\/wp\/v2\/types\/post"}],"author":[{"embeddable":true,"href":"https:\/\/www.europesays.com\/fr\/wp-json\/wp\/v2\/users\/2"}],"replies":[{"embeddable":true,"href":"https:\/\/www.europesays.com\/fr\/wp-json\/wp\/v2\/comments?post=567633"}],"version-history":[{"count":0,"href":"https:\/\/www.europesays.com\/fr\/wp-json\/wp\/v2\/posts\/567633\/revisions"}],"wp:featuredmedia":[{"embeddable":true,"href":"https:\/\/www.europesays.com\/fr\/wp-json\/wp\/v2\/media\/567634"}],"wp:attachment":[{"href":"https:\/\/www.europesays.com\/fr\/wp-json\/wp\/v2\/media?parent=567633"}],"wp:term":[{"taxonomy":"category","embeddable":true,"href":"https:\/\/www.europesays.com\/fr\/wp-json\/wp\/v2\/categories?post=567633"},{"taxonomy":"post_tag","embeddable":true,"href":"https:\/\/www.europesays.com\/fr\/wp-json\/wp\/v2\/tags?post=567633"}],"curies":[{"name":"wp","href":"https:\/\/api.w.org\/{rel}","templated":true}]}}