{"id":567645,"date":"2025-11-29T23:17:13","date_gmt":"2025-11-29T23:17:13","guid":{"rendered":"https:\/\/www.europesays.com\/fr\/567645\/"},"modified":"2025-11-29T23:17:13","modified_gmt":"2025-11-29T23:17:13","slug":"plus-de-70-000-morts-dans-la-bande-de-gaza-selon-le-ministere-de-la-sante","status":"publish","type":"post","link":"https:\/\/www.europesays.com\/fr\/567645\/","title":{"rendered":"Plus de 70 000 morts dans la bande de Gaza, selon le minist\u00e8re de la Sant\u00e9"},"content":{"rendered":"<p>\n    Ce nouveau bilan intervient un mois et demi apr\u00e8s l\u2019entr\u00e9e en vigueur d\u2019un fragile cessez-le-feu n\u00e9goci\u00e9 par les \u00c9tats-Unis, que les deux camps s\u2019accusent mutuellement de violer.<\/p>\n<p class=\"fig-paragraph\">Le minist\u00e8re de la Sant\u00e9 de la bande de Gaza, plac\u00e9 sous l&rsquo;autorit\u00e9 du\u00a0<a href=\"http:\/\/www.lefigaro.fr\/international\/gaza-le-hamas-demande-a-pouvoir-evacuer-ses-combattants-des-tunnels-20251126\" data-fig-type=\"NewsFlash\" data-gtm-custom-categorie=\"navigation\" data-gtm-custom-action=\"crossclick\" data-gtm-custom-label=\"Contextuel\" data-gtm-event=\"customEventSPE\" data-fig-domain=\"LEFIGARO\" target=\"_blank\" rel=\"noopener\">Hamas<\/a>, a annonc\u00e9 samedi que plus de 70.000 personnes avaient \u00e9t\u00e9 tu\u00e9es dans le territoire palestinien depuis le d\u00e9but de la guerre d\u00e9clench\u00e9e par l&rsquo;attaque sans pr\u00e9c\u00e9dent du mouvement islamiste en Isra\u00ebl le 7 octobre 2023.<\/p>\n<p class=\"fig-paragraph\">Ce nouveau bilan intervient un mois et demi apr\u00e8s l&rsquo;entr\u00e9e en vigueur d&rsquo;un fragile cessez-le-feu n\u00e9goci\u00e9 par les \u00c9tats-Unis, que les deux camps s&rsquo;accusent mutuellement de violer. Dans un communiqu\u00e9, le minist\u00e8re affirme que le nombre total de morts li\u00e9s au conflit atteint 70 100, et que 354 Palestiniens ont \u00e9t\u00e9 tu\u00e9s par des tirs isra\u00e9liens depuis le d\u00e9but de la tr\u00eave le 10 octobre.<\/p>\n<p>                                            <a class=\"fig-a11y-skip\" href=\"#fig-a11y-skip-main-inarticle\" data-module=\"a11y-skip\" data-context=\"was @visible\"><br \/>\n    Passer la publicit\u00e9<br \/>\n<\/a>            <\/p>\n<p class=\"fig-paragraph\">Le minist\u00e8re pr\u00e9cise \u00e9galement que deux corps ont \u00e9t\u00e9 admis dans les h\u00f4pitaux de Gaza au cours des 48 derni\u00e8res heures, dont l&rsquo;un retrouv\u00e9 sous les d\u00e9combres, alors que la guerre a d\u00e9vast\u00e9 le territoire. La hausse par rapport au dernier bilan s&rsquo;explique, d&rsquo;apr\u00e8s la m\u00eame source, par la validation par les autorit\u00e9s de donn\u00e9es concernant 299 corps suppl\u00e9mentaires.<\/p>\n<p class=\"fig-body-link\">\n            \u00c0 lire aussi<br \/>\n        <a class=\"fig-body-link__link\" href=\"http:\/\/www.lefigaro.fr\/actualite-france\/mort-de-deux-enfants-francais-a-gaza-en-octobre-2023-le-parquet-demande-une-enquete-pour-crimes-de-guerre-20251128\" data-fig-type=\"NewsFlash\" data-gtm-custom-categorie=\"navigation\" data-gtm-custom-action=\"crossclick\" data-gtm-custom-label=\"Contextuel\" data-gtm-event=\"customEventSPE\" data-fig-domain=\"LEFIGARO\" target=\"_blank\" rel=\"noopener\"><\/p>\n<p>        Mort de deux enfants fran\u00e7ais \u00e0 Gaza en octobre 2023: le parquet demande une enqu\u00eate pour \u00abcrimes de guerre\u00bb<br \/>\n    <\/a>\n<\/p>\n<p class=\"fig-paragraph\">Malgr\u00e9\u00a0<a href=\"http:\/\/www.lefigaro.fr\/international\/gaza-le-secretaire-general-de-l-onu-denonce-les-violations-continues-du-cessez-le-feu-20251104\" data-fig-type=\"NewsFlash\" data-gtm-custom-categorie=\"navigation\" data-gtm-custom-action=\"crossclick\" data-gtm-custom-label=\"Contextuel\" data-gtm-event=\"customEventSPE\" data-fig-domain=\"LEFIGARO\" target=\"_blank\" rel=\"noopener\">le cessez-le-feu<\/a>, le territoire palestinien reste plong\u00e9 dans une grave crise humanitaire. Alors que l&rsquo;ONU c\u00e9l\u00e8bre samedi la Journ\u00e9e internationale de solidarit\u00e9 avec le peuple palestinien, son secr\u00e9taire g\u00e9n\u00e9ral Antonio Guterres a estim\u00e9 que \u00able meurtre de tant de civils, le d\u00e9placement r\u00e9p\u00e9t\u00e9 d&rsquo;une population enti\u00e8re et l&rsquo;obstruction (\u00e0 l&rsquo;acheminement) de l&rsquo;aide humanitaire ne devraient jamais \u00eatre acceptables\u00bb.<\/p>\n<p class=\"fig-paragraph\">\u00abLe r\u00e9cent cessez-le-feu offre une lueur d&rsquo;espoir. Il est d\u00e9sormais essentiel que toutes les parties le respectent pleinement et travaillent de bonne foi \u00e0 des solutions qui r\u00e9tablissent et soutiennent le droit international\u00bb, a-t-il ajout\u00e9 dans un communiqu\u00e9. L&rsquo;attaque du 7 Octobre a entra\u00een\u00e9 c\u00f4t\u00e9 isra\u00e9lien la mort de 1221 personnes, en majorit\u00e9 des civils, selon un bilan \u00e9tabli par l&rsquo;AFP \u00e0 partir de chiffres officiels.<\/p>\n<p class=\"fig-paragraph\">Au total, 251 personnes avaient \u00e9t\u00e9 enlev\u00e9es durant l&rsquo;attaque du Hamas et emmen\u00e9es \u00e0 Gaza. Dans le cadre du cessez-le-feu, le Hamas a lib\u00e9r\u00e9 les 20 otages vivants qu&rsquo;il retenait encore et rendu les d\u00e9pouilles de 26 otages d\u00e9c\u00e9d\u00e9s, sur 28. En \u00e9change, Isra\u00ebl a lib\u00e9r\u00e9 pr\u00e8s de 2000 prisonniers palestiniens d\u00e9tenus et rendu les corps de centaines de Palestiniens d\u00e9c\u00e9d\u00e9s.<\/p>\n","protected":false},"excerpt":{"rendered":"Ce nouveau bilan intervient un mois et demi apr\u00e8s l\u2019entr\u00e9e en vigueur d\u2019un fragile cessez-le-feu n\u00e9goci\u00e9 par les&hellip;\n","protected":false},"author":2,"featured_media":567646,"comment_status":"","ping_status":"","sticky":false,"template":"","format":"standard","meta":{"footnotes":""},"categories":[5],"tags":[11,1011,27,665,14,12,28],"class_list":{"0":"post-567645","1":"post","2":"type-post","3":"status-publish","4":"format-standard","5":"has-post-thumbnail","7":"category-international","8":"tag-actualites","9":"tag-fr","10":"tag-france","11":"tag-gaza","12":"tag-international","13":"tag-news","14":"tag-world"},"share_on_mastodon":{"url":"https:\/\/pubeurope.com\/@fr\/115635542046149679","error":""},"_links":{"self":[{"href":"https:\/\/www.europesays.com\/fr\/wp-json\/wp\/v2\/posts\/567645","targetHints":{"allow":["GET"]}}],"collection":[{"href":"https:\/\/www.europesays.com\/fr\/wp-json\/wp\/v2\/posts"}],"about":[{"href":"https:\/\/www.europesays.com\/fr\/wp-json\/wp\/v2\/types\/post"}],"author":[{"embeddable":true,"href":"https:\/\/www.europesays.com\/fr\/wp-json\/wp\/v2\/users\/2"}],"replies":[{"embeddable":true,"href":"https:\/\/www.europesays.com\/fr\/wp-json\/wp\/v2\/comments?post=567645"}],"version-history":[{"count":0,"href":"https:\/\/www.europesays.com\/fr\/wp-json\/wp\/v2\/posts\/567645\/revisions"}],"wp:featuredmedia":[{"embeddable":true,"href":"https:\/\/www.europesays.com\/fr\/wp-json\/wp\/v2\/media\/567646"}],"wp:attachment":[{"href":"https:\/\/www.europesays.com\/fr\/wp-json\/wp\/v2\/media?parent=567645"}],"wp:term":[{"taxonomy":"category","embeddable":true,"href":"https:\/\/www.europesays.com\/fr\/wp-json\/wp\/v2\/categories?post=567645"},{"taxonomy":"post_tag","embeddable":true,"href":"https:\/\/www.europesays.com\/fr\/wp-json\/wp\/v2\/tags?post=567645"}],"curies":[{"name":"wp","href":"https:\/\/api.w.org\/{rel}","templated":true}]}}