{"id":567655,"date":"2025-11-29T23:23:18","date_gmt":"2025-11-29T23:23:18","guid":{"rendered":"https:\/\/www.europesays.com\/fr\/567655\/"},"modified":"2025-11-29T23:23:18","modified_gmt":"2025-11-29T23:23:18","slug":"betclic-elite-cest-la-premiere-fois-que-je-vais-etre-le-plus-vieux-de-lequipe-les-premiers-mots-de-markis-mcduffie-la-nouvelle-recrue-du-sluc-nancy","status":"publish","type":"post","link":"https:\/\/www.europesays.com\/fr\/567655\/","title":{"rendered":"Betclic Elite. \u00ab\u00a0C\u2019est la premi\u00e8re fois que je vais \u00eatre le plus vieux de l\u2019\u00e9quipe\u00a0\u00bb, les premiers mots de Markis McDuffie, la nouvelle recrue du SLUC Nancy"},"content":{"rendered":"<blockquote class=\"question\"><p>Racontez-nous comment s\u2019est faite votre arriv\u00e9e ici \u00e0 Nancy\u00a0?<\/p><\/blockquote>\n<p>Malheureusement, <a href=\"https:\/\/www.estrepublicain.fr\/sport\/2025\/11\/24\/apres-la-blessure-d-aundre-hyatt-le-sluc-nancy-appelle-markis-mcduffie-en-renfort\" target=\"_blank\" rel=\"noopener\">cela s\u2019est fait sur une triste nouvelle avec la blessure d\u2019Aundre Hyatt<\/a>. J\u2019ai vu que le club \u00e9tait dans une bonne position en ce moment en championnat et j\u2019y ai vu une super opportunit\u00e9 pour ma carri\u00e8re. Je veux prouver que je suis encore capable de beaucoup de choses dans ce championnat.<\/p>\n<blockquote class=\"question\"><p>Pourtant, apr\u00e8s votre saison \u00e0 Dijon l\u2019ann\u00e9e derni\u00e8re, vous \u00e9tiez sans club. Pourquoi\u00a0?<\/p><\/blockquote>\n<p>Je crois que j\u2019avais vraiment besoin de temps libre. Je suis retourn\u00e9 dans ma famille, j\u2019ai pass\u00e9 du temps avec mes proches. C\u2019\u00e9tait plus long que pr\u00e9vu mais j\u2019ai tout de m\u00eame eu quelques propositions dans des ligues diff\u00e9rentes. Mais j\u2019attendais le bon r\u00f4le dans la bonne \u00e9quipe. Et c\u2019est ce que Nancy est capable de m\u2019offrir aujourd\u2019hui. Je suis excit\u00e9 par cette nouvelle aventure et je suis pr\u00eat.<\/p>\n<blockquote class=\"question\"><p>Vous allez jouer votre troisi\u00e8me saison en France apr\u00e8s deux ann\u00e9es \u00e0 Dijon (2022-2023 et 2024-2025), qu\u2019est-ce que vous appr\u00e9ciez dans ce championnat\u00a0?<\/p><\/blockquote>\n<p>J\u2019aime beaucoup le style de basket que l\u2019on peut jouer ici. C\u2019est tr\u00e8s athl\u00e9tique, le rythme est rapide, il change beaucoup et cela permet de bien nous adapter. Cela me fait un peu \u00e9trange de jouer en France avec une autre \u00e9quipe que Dijon mais dans le basket, le but est toujours de trouver la bonne opportunit\u00e9 au bon moment. J\u2019ai beaucoup parl\u00e9 avec l\u2019entra\u00eeneur, le but est que je sois dans la meilleure position possible pour exprimer mon basket.<\/p>\n<p>  \u00ab\u00a0J\u2019attendais le bon r\u00f4le, dans la bonne \u00e9quipe\u00a0\u00bb<\/p>\n<blockquote class=\"question\"><p>Qu\u2019est-ce que vous connaissiez de Nancy avant d\u2019arriver\u00a0?<\/p><\/blockquote>\n<p>J\u2019ai souvent jou\u00e9 de gros matchs face \u00e0 cette \u00e9quipe et je me souviens parfaitement de l\u2019ambiance qui r\u00e8gne dans cette salle. J\u2019aime beaucoup l\u2019atmosph\u00e8re, les supporters sont tr\u00e8s d\u00e9monstratifs. Rien que d\u2019\u00eatre dans cette salle, j\u2019ai trop h\u00e2te de jouer mon premier match et que les fans me supportent moi et l\u2019\u00e9quipe. Je connais quelques joueurs aussi, enfin j\u2019ai d\u00e9j\u00e0 jou\u00e9 contre certains. Notamment St\u00e9phane Gombauld, au All Star Game, en 2022. J\u2019\u00e9tais dans \u2018\u2019l\u2019\u00e9quipe monde\u2019\u2019n lui dans \u2018\u2019l\u2019\u00e9quipe France\u2019\u2019. Et quant \u00e0 Landers, je le connais car c\u2019\u00e9tait un super joueur en universit\u00e9.<\/p>\n<blockquote class=\"question\"><p>Que recherchez-vous pr\u00e9cis\u00e9ment dans cette nouvelle aventure qui se pr\u00e9sente \u00e0 vous\u00a0?<\/p><\/blockquote>\n<p>J\u2019ai d\u00e9j\u00e0 jou\u00e9 des play-offs avec Dijon et les revivre serait super. Je veux aider cette \u00e9quipe \u00e0 aller le plus loin possible et je ressens que je peux \u00eatre le bon joueur pour cela gr\u00e2ce \u00e0 l\u2019exp\u00e9rience que j\u2019ai acquis jusque-l\u00e0. Je peux ramener cette \u00e9nergie \u00e0 l\u2019\u00e9quipe des deux c\u00f4t\u00e9s du terrain, je me donnerais \u00e0 100\u00a0%. J\u2019ai eu d\u2019autres propositions pour jouer en France mais je sens qu\u2019ici, c\u2019est l\u2019endroit o\u00f9 je devais \u00eatre.<\/p>\n<blockquote class=\"question\"><p>Quelle est votre histoire personnelle avec le basket\u00a0?<\/p><\/blockquote>\n<p>C\u2019est vraiment une histoire de famille. J\u2019ai \u00e9t\u00e9 coach\u00e9 par mon p\u00e8re jusqu\u2019au lyc\u00e9e et j\u2019ai imm\u00e9diatement su que je voulais devenir pro. J\u2019ai \u00e9t\u00e9 \u00e9duqu\u00e9 avec une discipline assez stricte dans le basket. Le basket c\u2019est ma vie, je n\u2019ai jamais rien fait d\u2019autre. J\u2019ai beaucoup voyag\u00e9 gr\u00e2ce \u00e0 ce sport et j\u2019ai v\u00e9cu beaucoup d\u2019exp\u00e9rience. Mais maintenant j\u2019ai 28 ans, et je me retrouve pour la premi\u00e8re fois de ma carri\u00e8re \u00e0 \u00eatre le plus vieux de l\u2019\u00e9quipe.<\/p>\n","protected":false},"excerpt":{"rendered":"Racontez-nous comment s\u2019est faite votre arriv\u00e9e ici \u00e0 Nancy\u00a0? Malheureusement, cela s\u2019est fait sur une triste nouvelle avec&hellip;\n","protected":false},"author":2,"featured_media":567656,"comment_status":"","ping_status":"","sticky":false,"template":"","format":"standard","meta":{"footnotes":""},"categories":[9635],"tags":[1111,11,1791,1704,1777,674,1701,1011,27,775,1702,1703,12,25,11567,517,1700],"class_list":{"0":"post-567655","1":"post","2":"type-post","3":"status-publish","4":"format-standard","5":"has-post-thumbnail","7":"category-nancy","8":"tag-actu","9":"tag-actualites","10":"tag-basket-ball","11":"tag-edition-nancy-et-agglomeration","12":"tag-eu","13":"tag-europe","14":"tag-fil-info-sport","15":"tag-fr","16":"tag-france","17":"tag-grand-est","18":"tag-nancy","19":"tag-nancy-ville-54b","20":"tag-news","21":"tag-republique-francaise","22":"tag-sluc","23":"tag-sport","24":"tag-sport-lorrain"},"share_on_mastodon":{"url":"https:\/\/pubeurope.com\/@fr\/115635565610861147","error":""},"_links":{"self":[{"href":"https:\/\/www.europesays.com\/fr\/wp-json\/wp\/v2\/posts\/567655","targetHints":{"allow":["GET"]}}],"collection":[{"href":"https:\/\/www.europesays.com\/fr\/wp-json\/wp\/v2\/posts"}],"about":[{"href":"https:\/\/www.europesays.com\/fr\/wp-json\/wp\/v2\/types\/post"}],"author":[{"embeddable":true,"href":"https:\/\/www.europesays.com\/fr\/wp-json\/wp\/v2\/users\/2"}],"replies":[{"embeddable":true,"href":"https:\/\/www.europesays.com\/fr\/wp-json\/wp\/v2\/comments?post=567655"}],"version-history":[{"count":0,"href":"https:\/\/www.europesays.com\/fr\/wp-json\/wp\/v2\/posts\/567655\/revisions"}],"wp:featuredmedia":[{"embeddable":true,"href":"https:\/\/www.europesays.com\/fr\/wp-json\/wp\/v2\/media\/567656"}],"wp:attachment":[{"href":"https:\/\/www.europesays.com\/fr\/wp-json\/wp\/v2\/media?parent=567655"}],"wp:term":[{"taxonomy":"category","embeddable":true,"href":"https:\/\/www.europesays.com\/fr\/wp-json\/wp\/v2\/categories?post=567655"},{"taxonomy":"post_tag","embeddable":true,"href":"https:\/\/www.europesays.com\/fr\/wp-json\/wp\/v2\/tags?post=567655"}],"curies":[{"name":"wp","href":"https:\/\/api.w.org\/{rel}","templated":true}]}}