{"id":567667,"date":"2025-11-29T23:31:53","date_gmt":"2025-11-29T23:31:53","guid":{"rendered":"https:\/\/www.europesays.com\/fr\/567667\/"},"modified":"2025-11-29T23:31:53","modified_gmt":"2025-11-29T23:31:53","slug":"fontaine-tentative-dincendie-volontaire-devant-un-garage","status":"publish","type":"post","link":"https:\/\/www.europesays.com\/fr\/567667\/","title":{"rendered":"Fontaine : tentative d&rsquo;incendie volontaire devant un garage"},"content":{"rendered":"<p>28\/11\/2025 &#8211; 09:39<\/p>\n<p>\t\t\t\t\t\t\t\t&#13;<br \/>\n&#13;<br \/>\n&#13;<br \/>\n&#13;<br \/>\n&#13;<\/p>\n<p><strong>Devanture enflamm\u00e9e, bidon suspect<\/strong><\/p>\n<p>Jeudi soir, peu apr\u00e8s 21 h, un d\u00e9but de feu s\u2019est d\u00e9clar\u00e9 sur la fa\u00e7ade d\u2019un garage automobile, rue Pierre-S\u00e9mard \u00e0 Fontaine.<br \/>\u00c0 l\u2019arriv\u00e9e des pompiers, les flammes s\u2019\u00e9taient presque \u00e9teintes seules. Mais les traces d\u2019hydrocarbures et un bidon d\u2019essence quasiment vide retrouv\u00e9 sur place orientent clairement vers une origine volontaire.<\/p>\n<p><strong>La police explore la piste d\u2019un possible encha\u00eenement<\/strong><\/p>\n<p>Les policiers ont proc\u00e9d\u00e9 aux constatations et recherchent d\u00e9sormais des t\u00e9moins. L\u2019enqu\u00eate devra dire si cette tentative d\u2019incendie est li\u00e9e \u00e0 un autre fait survenu la veille, \u00e0 quelques dizaines de m\u00e8tres : un homme de 24 ans s\u2019\u00e9tait pr\u00e9sent\u00e9 au SDIS 38, bless\u00e9 par balle \u00e0 la cuisse, sans donner d\u2019explications pr\u00e9cises sur ce qui lui \u00e9tait arriv\u00e9.<\/p>\n","protected":false},"excerpt":{"rendered":"28\/11\/2025 &#8211; 09:39 &#13; &#13; &#13; &#13; &#13; Devanture enflamm\u00e9e, bidon suspect Jeudi soir, peu apr\u00e8s 21 h,&hellip;\n","protected":false},"author":2,"featured_media":567668,"comment_status":"","ping_status":"","sticky":false,"template":"","format":"standard","meta":{"footnotes":""},"categories":[9566],"tags":[1111,11,2430,1777,674,1011,27,2731,12,25],"class_list":{"0":"post-567667","1":"post","2":"type-post","3":"status-publish","4":"format-standard","5":"has-post-thumbnail","7":"category-grenoble","8":"tag-actu","9":"tag-actualites","10":"tag-auvergne-rhone-alpes","11":"tag-eu","12":"tag-europe","13":"tag-fr","14":"tag-france","15":"tag-grenoble","16":"tag-news","17":"tag-republique-francaise"},"share_on_mastodon":{"url":"https:\/\/pubeurope.com\/@fr\/115635600990318541","error":""},"_links":{"self":[{"href":"https:\/\/www.europesays.com\/fr\/wp-json\/wp\/v2\/posts\/567667","targetHints":{"allow":["GET"]}}],"collection":[{"href":"https:\/\/www.europesays.com\/fr\/wp-json\/wp\/v2\/posts"}],"about":[{"href":"https:\/\/www.europesays.com\/fr\/wp-json\/wp\/v2\/types\/post"}],"author":[{"embeddable":true,"href":"https:\/\/www.europesays.com\/fr\/wp-json\/wp\/v2\/users\/2"}],"replies":[{"embeddable":true,"href":"https:\/\/www.europesays.com\/fr\/wp-json\/wp\/v2\/comments?post=567667"}],"version-history":[{"count":0,"href":"https:\/\/www.europesays.com\/fr\/wp-json\/wp\/v2\/posts\/567667\/revisions"}],"wp:featuredmedia":[{"embeddable":true,"href":"https:\/\/www.europesays.com\/fr\/wp-json\/wp\/v2\/media\/567668"}],"wp:attachment":[{"href":"https:\/\/www.europesays.com\/fr\/wp-json\/wp\/v2\/media?parent=567667"}],"wp:term":[{"taxonomy":"category","embeddable":true,"href":"https:\/\/www.europesays.com\/fr\/wp-json\/wp\/v2\/categories?post=567667"},{"taxonomy":"post_tag","embeddable":true,"href":"https:\/\/www.europesays.com\/fr\/wp-json\/wp\/v2\/tags?post=567667"}],"curies":[{"name":"wp","href":"https:\/\/api.w.org\/{rel}","templated":true}]}}