{"id":567669,"date":"2025-11-29T23:33:54","date_gmt":"2025-11-29T23:33:54","guid":{"rendered":"https:\/\/www.europesays.com\/fr\/567669\/"},"modified":"2025-11-29T23:33:54","modified_gmt":"2025-11-29T23:33:54","slug":"a-onze-contre-dix-pendant-75-minutes-le-gf38-elimine-le-fc-annecy","status":"publish","type":"post","link":"https:\/\/www.europesays.com\/fr\/567669\/","title":{"rendered":"\u00e0 onze contre dix pendant 75 minutes, le GF38 \u00e9limine le FC Annecy"},"content":{"rendered":"<p><strong>Laurent Guyot\u00a0(entra\u00eeneur d\u2019Annecy)\u00a0:<\/strong> \u00ab La victoire de Grenoble est logique et le carton rouge contre nous est justifi\u00e9.\u00a0C\u2019est dommage car on \u00e9tait dans de bonnes dispositions en d\u00e9but de match. J\u2019aurais aim\u00e9 voir ce que \u00e7a pouvait donner \u00e0 onze conte onze et je ne le verrai jamais. C\u2019est le gros regret. Il nous a manqu\u00e9 de la malice et de pouvoir jouer sous la pression adverse. On aurait d\u00fb \u00eatre plus malin aussi \u00e0 1-1. Il faut accepter la victoire de Grenoble qui m\u00e9rite de passer. On a eu de belles valeurs \u00e0 dix contre onze, oui. Mais avec un joueur de moins, c\u2019\u00e9tait compliqu\u00e9. On n\u2019a pas mis assez de danger sur cette \u00e9quipe. Quand vous jouez \u00e0 un de moins dans un match, c\u2019est difficile d\u2019autant que c\u2019est d\u00e9j\u00e0 tr\u00e8s serr\u00e9 \u00e0 onze contre onze entre \u00e9quipes de Ligue 2. On savait qu\u2019on pouvait avoir une chance en les amenant \u00e0 1-0 ou 1-1. Il ne fallait pas encaisser le deuxi\u00e8me but. On ne peut s\u2019en prendre qu\u2019\u00e0 nous-m\u00eames. Oui, c\u2019est une d\u00e9ception de ne pas passer ce tour. Il va falloir dig\u00e9rer cette d\u00e9faite dans le derby.\u00a0\u00bb<\/p>\n<p><strong>Franck Rizzetto (entra\u00eeneur du GF38) :<\/strong> \u00ab On a jou\u00e9 en deuxi\u00e8me p\u00e9riode avec la m\u00eame volont\u00e9 qu&rsquo;en premi\u00e8re. Ce carton rouge nous a offert beaucoup d\u2019espaces sur les c\u00f4t\u00e9s, ensuite il fallait \u00eatre juste. On a d\u00e9cant\u00e9 le match sur un coup de pied arr\u00eat\u00e9 et on a ensuite enfin marqu\u00e9 sur un centre. Il fallait les faire courir pour trouver la faille. On n\u2019a pas \u00e9t\u00e9 assez juste en premi\u00e8re p\u00e9riode mais on a insist\u00e9 en deuxi\u00e8me p\u00e9riode et \u00e7a a march\u00e9. On n\u2019a pas \u00e9t\u00e9 sp\u00e9cialement \u00e9t\u00e9 mis en danger mais le carton rouge nous a favoris\u00e9s, c\u2019est certain.\u00a0\u00bb<\/p>\n<p><strong>Fran\u00e7ois Lajugie (d\u00e9fenseur central du FC Annecy) : <\/strong>\u00ab\u00a0C\u2019est tr\u00e8s frustrant. A 11, on avait bien d\u00e9marr\u00e9 le match en marquant tr\u00e8s t\u00f4t. On voit que jouer \u00e0 11 est primordial. On se met une balle dans le pied en se retrouvant \u00e0 10. On a bien tenu mais on prend deux buts qui peuvent \u00eatre \u00e9vitables. On a essay\u00e9 de pousser \u00e0 la fin mais ce n\u2019est pas pass\u00e9. C\u2019est tr\u00e8s frustrant ce soir.\u00a0On avait \u00e0 c\u0153ur de faire un parcours mais ce n\u2019est pas pass\u00e9. Les deux derniers matchs de L2 avant la tr\u00eave sont tr\u00e8s importants pour savoir o\u00f9 on va se situer dans ce championnat. \u00bb<\/p>\n<p><strong>Bobby Allain (gardien du GF38)\u00a0:<\/strong> \u00ab On a connu un fait de jeu tr\u00e8s t\u00f4t avec ce penalty contre nous et il a fallu se remettre tout de suite dedans. Mais on n\u2019a pas paniqu\u00e9. On a \u00e9t\u00e9 patient. Annecy est une \u00e9quipe qui court beaucoup et on savait qu\u2019\u00e0 un moment donn\u00e9, \u00e7a allait s\u2019ouvrir. En sup\u00e9riorit\u00e9 num\u00e9rique au Mans (0-1) et contre Bastia (0-0), on s\u2019\u00e9tait trop pr\u00e9cipit\u00e9. L\u00e0, on a \u00e9t\u00e9 intelligent et on a su faire la diff\u00e9rence logiquement en deuxi\u00e8me p\u00e9riode. Cela veut dire que l\u2019\u00e9quipe progresse, gagne en maturit\u00e9. C\u2019est une qualification obtenue avec du caract\u00e8re qui va nous faire du bien pour la suite et notamment le championnat. Moi, j\u2019ai fait l\u2019arr\u00eat qu\u2019il fallait, j\u2019ai gagn\u00e9 un match de plus avec les 32es de finale donc je suis super content.\u00a0\u00bb<\/p>\n<p><strong>Thomas Callens (gardien du FC Annecy) :<\/strong> \u00ab\u00a0Il y a forc\u00e9ment beaucoup de d\u00e9ception. C\u2019est toujours compliqu\u00e9 de sortir d\u2019une comp\u00e9tition qui plus est dans un derby. Il faut vite se remettre en mode championnat et aller faire quelque chose \u00e0 Guingamp. Le carton change beaucoup de choses d\u2019autant qu\u2019il arrive t\u00f4t dans le match alors qu\u2019on avait fait l\u2019entame parfaite en marquant d\u00e8s le d\u00e9but. On a eu moins le ballon, on fait plus d\u2019efforts d\u00e9fensifs et \u00e7a permet \u00e0 l\u2019adversaire d\u2019exploiter certaines petites failles.\u00a0On aurait aim\u00e9 faire trois victoires dans l\u2019ann\u00e9e face \u00e0 Grenoble, il y avait cette envie mais c\u2019est comme \u00e7a. \u00bb\u00a0\u00a0 \u00a0 \u00a0 \u00a0<\/p>\n","protected":false},"excerpt":{"rendered":"Laurent Guyot\u00a0(entra\u00eeneur d\u2019Annecy)\u00a0: \u00ab La victoire de Grenoble est logique et le carton rouge contre nous est justifi\u00e9.\u00a0C\u2019est&hellip;\n","protected":false},"author":2,"featured_media":567670,"comment_status":"","ping_status":"","sticky":false,"template":"","format":"standard","meta":{"footnotes":""},"categories":[9566],"tags":[1111,11,3853,3854,3855,2430,15922,3856,112,1777,674,20116,107,1701,63,1011,27,12637,2731,2732,4638,108,12,25,517,1947],"class_list":{"0":"post-567669","1":"post","2":"type-post","3":"status-publish","4":"format-standard","5":"has-post-thumbnail","7":"category-grenoble","8":"tag-actu","9":"tag-actualites","10":"tag-annecy","11":"tag-annecy-bassin","12":"tag-annecy-region","13":"tag-auvergne-rhone-alpes","14":"tag-coupe-de-france-de-football","15":"tag-edition-annecy-rumilly-les-aravis","16":"tag-edition-grenoble-agglomeration","17":"tag-eu","18":"tag-europe","19":"tag-fc-annecy","20":"tag-fil-info","21":"tag-fil-info-sport","22":"tag-football","23":"tag-fr","24":"tag-france","25":"tag-gf38-grenoble-foot-38","26":"tag-grenoble","27":"tag-grenoble-bassin","28":"tag-haute-savoie","29":"tag-isere","30":"tag-news","31":"tag-republique-francaise","32":"tag-sport","33":"tag-sport-national"},"share_on_mastodon":{"url":"https:\/\/pubeurope.com\/@fr\/115635608804922937","error":""},"_links":{"self":[{"href":"https:\/\/www.europesays.com\/fr\/wp-json\/wp\/v2\/posts\/567669","targetHints":{"allow":["GET"]}}],"collection":[{"href":"https:\/\/www.europesays.com\/fr\/wp-json\/wp\/v2\/posts"}],"about":[{"href":"https:\/\/www.europesays.com\/fr\/wp-json\/wp\/v2\/types\/post"}],"author":[{"embeddable":true,"href":"https:\/\/www.europesays.com\/fr\/wp-json\/wp\/v2\/users\/2"}],"replies":[{"embeddable":true,"href":"https:\/\/www.europesays.com\/fr\/wp-json\/wp\/v2\/comments?post=567669"}],"version-history":[{"count":0,"href":"https:\/\/www.europesays.com\/fr\/wp-json\/wp\/v2\/posts\/567669\/revisions"}],"wp:featuredmedia":[{"embeddable":true,"href":"https:\/\/www.europesays.com\/fr\/wp-json\/wp\/v2\/media\/567670"}],"wp:attachment":[{"href":"https:\/\/www.europesays.com\/fr\/wp-json\/wp\/v2\/media?parent=567669"}],"wp:term":[{"taxonomy":"category","embeddable":true,"href":"https:\/\/www.europesays.com\/fr\/wp-json\/wp\/v2\/categories?post=567669"},{"taxonomy":"post_tag","embeddable":true,"href":"https:\/\/www.europesays.com\/fr\/wp-json\/wp\/v2\/tags?post=567669"}],"curies":[{"name":"wp","href":"https:\/\/api.w.org\/{rel}","templated":true}]}}