{"id":567671,"date":"2025-11-29T23:35:32","date_gmt":"2025-11-29T23:35:32","guid":{"rendered":"https:\/\/www.europesays.com\/fr\/567671\/"},"modified":"2025-11-29T23:35:32","modified_gmt":"2025-11-29T23:35:32","slug":"chartres-de-bretagne-2-000-e-pour-aider-a-la-lutte-contre-la-maladie-de-parkinson","status":"publish","type":"post","link":"https:\/\/www.europesays.com\/fr\/567671\/","title":{"rendered":"Chartres-de-Bretagne. 2\u00a0000\u00a0\u20ac pour aider \u00e0 la lutte contre la maladie de Parkinson"},"content":{"rendered":"<p>Le concert solidaire de la Sainte-C\u00e9cile organis\u00e9, samedi, par l\u2019Orchestre de la commune et l\u2019ensemble vocal le Diapason a fait salle comble, au P\u00f4le Sud, avec 300\u00a0spectateurs.<\/p>\n<p>Mardi soir, Claudie Pignon, la pr\u00e9sidente du Diapason, et Th\u00e9o Bolzer, le vice-pr\u00e9sident de l\u2019orchestre, ont remis un ch\u00e8que de 2\u00a0000\u00a0\u20ac \u00e0 Ghislain Couplet, pr\u00e9sident de l\u2019association d\u00e9partementale Graine de courage, sourire pour Parkinson et Isabelle Marcille, membre du conseil d\u2019administration.<\/p>\n<p>Remerciant les deux associations pour leur g\u00e9n\u00e9rosit\u00e9, Ghislain Couplet annonce que \u00a0cette somme va financer une ann\u00e9e du cercle des aidants et participer \u00e0 la gymnastique adapt\u00e9e\u00a0.<\/p>\n<p>\u00a0<\/p>\n","protected":false},"excerpt":{"rendered":"Le concert solidaire de la Sainte-C\u00e9cile organis\u00e9, samedi, par l\u2019Orchestre de la commune et l\u2019ensemble vocal le Diapason&hellip;\n","protected":false},"author":2,"featured_media":567672,"comment_status":"","ping_status":"","sticky":false,"template":"","format":"standard","meta":{"footnotes":""},"categories":[2821],"tags":[5742,6541,1111,11,4180,829,19962,1777,674,1011,27,7998,226,12,2569,584,25],"class_list":{"0":"post-567671","1":"post","2":"type-post","3":"status-publish","4":"format-standard","5":"has-post-thumbnail","7":"category-rennes","8":"tag-5742","9":"tag-6541","10":"tag-actu","11":"tag-actualites","12":"tag-aider","13":"tag-bretagne","14":"tag-chartres-de-bretagne","15":"tag-eu","16":"tag-europe","17":"tag-fr","18":"tag-france","19":"tag-lutte","20":"tag-maladie","21":"tag-news","22":"tag-parkinson","23":"tag-rennes","24":"tag-republique-francaise"},"share_on_mastodon":{"url":"https:\/\/pubeurope.com\/@fr\/115635613239069576","error":""},"_links":{"self":[{"href":"https:\/\/www.europesays.com\/fr\/wp-json\/wp\/v2\/posts\/567671","targetHints":{"allow":["GET"]}}],"collection":[{"href":"https:\/\/www.europesays.com\/fr\/wp-json\/wp\/v2\/posts"}],"about":[{"href":"https:\/\/www.europesays.com\/fr\/wp-json\/wp\/v2\/types\/post"}],"author":[{"embeddable":true,"href":"https:\/\/www.europesays.com\/fr\/wp-json\/wp\/v2\/users\/2"}],"replies":[{"embeddable":true,"href":"https:\/\/www.europesays.com\/fr\/wp-json\/wp\/v2\/comments?post=567671"}],"version-history":[{"count":0,"href":"https:\/\/www.europesays.com\/fr\/wp-json\/wp\/v2\/posts\/567671\/revisions"}],"wp:featuredmedia":[{"embeddable":true,"href":"https:\/\/www.europesays.com\/fr\/wp-json\/wp\/v2\/media\/567672"}],"wp:attachment":[{"href":"https:\/\/www.europesays.com\/fr\/wp-json\/wp\/v2\/media?parent=567671"}],"wp:term":[{"taxonomy":"category","embeddable":true,"href":"https:\/\/www.europesays.com\/fr\/wp-json\/wp\/v2\/categories?post=567671"},{"taxonomy":"post_tag","embeddable":true,"href":"https:\/\/www.europesays.com\/fr\/wp-json\/wp\/v2\/tags?post=567671"}],"curies":[{"name":"wp","href":"https:\/\/api.w.org\/{rel}","templated":true}]}}