{"id":567677,"date":"2025-11-29T23:38:32","date_gmt":"2025-11-29T23:38:32","guid":{"rendered":"https:\/\/www.europesays.com\/fr\/567677\/"},"modified":"2025-11-29T23:38:32","modified_gmt":"2025-11-29T23:38:32","slug":"strasbourg-brest-les-equipes-probables","status":"publish","type":"post","link":"https:\/\/www.europesays.com\/fr\/567677\/","title":{"rendered":"Strasbourg &#8211; Brest\u00a0: les \u00e9quipes probables"},"content":{"rendered":"<p>Ligue 1 (14e journ\u00e9e). RC Strasbourg &#8211; Stade Brestois, dimanche (15 h)<\/p>\n<p>Souma\u00efla Coulibaly ne jouera pas ses premi\u00e8res minutes \u00e0 la Meinau cette saison, dimanche. Le d\u00e9fenseur central pr\u00eat\u00e9 par Strasbourg, avec qui il n\u2019a jou\u00e9 que trois minutes, \u00e0 l\u2019ext\u00e9rieur, ne peut \u00eatre align\u00e9 par \u00c9ric Roy en raison d\u2019un <a href=\"https:\/\/www.letelegramme.fr\/sports\/football\/stade-brestois\/prete-par-strasbourg-soumaila-coulibaly-ne-pourra-pas-jouer-avec-le-stade-brestois-en-alsace-6935019.php\" target=\"_blank\" rel=\"noopener\">accord entre les deux clubs<\/a>. Qui va le remplacer aux c\u00f4t\u00e9s de Brendan Chardonnet ? En fin de semaine, Julien Le Cardinal semblait tenir la corde. <\/p>\n<p>Le natif de Saint-Brieuc avait \u00e9t\u00e9 titulaire lors des trois premi\u00e8res journ\u00e9es de championnat, avant de perdre sa place au profit de Junior Diaz, puis de Souma\u00efla Coulibaly. Julien Le Cardinal n\u2019a plus jou\u00e9 depuis son entr\u00e9e en jeu \u00e0 la 89e contre le FC Lorient, le 19 octobre (3-3). La titularisation de <a href=\"https:\/\/www.letelegramme.fr\/sports\/football\/stade-brestois\/brest-nantes-junior-diaz-vrai-patron-a-troyes-peut-il-devenir-un-monstre-au-stade-brestois-6902615.php\" target=\"_blank\" rel=\"noopener\">Junior Diaz<\/a> (22 ans), qui a d\u00e9but\u00e9 six fois en Ligue 1 cette ann\u00e9e, est aussi une possibilit\u00e9.<\/p>\n<p>Face \u00e0 une \u00e9quipe de Strasbourg septi\u00e8me de Ligue 1, qui a remport\u00e9 ses six matchs contre les \u00e9quipes de la deuxi\u00e8me moiti\u00e9 du classement, \u00c9ric Roy sera priv\u00e9 d\u2019un autre titulaire en d\u00e9fense. Le lat\u00e9ral gauche <a href=\"https:\/\/www.letelegramme.fr\/sports\/football\/stade-brestois\/strasbourg-brest-locko-et-majecki-toujours-absents-magnetti-de-retour-a-lentrainement-6937085.php\" target=\"_blank\" rel=\"noopener\">Bradley Locko<\/a>, qui se remet d\u2019une blessure \u00e0 la cuisse, ne fera pas le d\u00e9placement. Radoslaw Majecki, d\u00e9sormais consid\u00e9r\u00e9 comme le <a href=\"https:\/\/www.letelegramme.fr\/sports\/football\/stade-brestois\/cest-la-redondance-derreurs-qui-fait-que-au-stade-brestois-le-statut-de-radoslaw-majecki-remis-en-question-6933112.php\" target=\"_blank\" rel=\"noopener\">deuxi\u00e8me gardien<\/a>, est lui aussi incertain.<\/p>\n<p>Deux absents importants \u00e0 Strasbourg<\/p>\n<p>Hugo Magnetti, qui s\u2019est plaint de l\u2019adducteur en milieu de semaine, devrait, en revanche, \u00eatre dans le groupe. Mais il pourrait \u00eatre trop juste pour \u00eatre titularis\u00e9. Dans ce cas, il devrait \u00eatre remplac\u00e9 dans le onze par Lucas Tousart, \u00ab qui monte en puissance \u00bb, selon \u00c9ric Roy.<\/p>\n<p>Devant, l\u2019entra\u00eeneur brestois devrait renouveler sa confiance au quatuor titularis\u00e9 lors du succ\u00e8s face \u00e0 Metz (3-2) : Path\u00e9 Mboup, Kamory Doumbia, Romain Del Castillo et Ludovic Ajorque.<\/p>\n<p>Du c\u00f4t\u00e9 <a href=\"https:\/\/www.letelegramme.fr\/sports\/football\/stade-brestois\/trois-jours-avant-daffronter-le-stade-brestois-strasbourg-soffre-une-belle-victoire-contre-crystal-palace-en-ligue-europa-conference-6936832.php\" target=\"_blank\" rel=\"noopener\">strasbourgeois<\/a>, Liam Rosenior sera priv\u00e9 de deux joueurs importants. Le milieu argentin Valentin Barco est suspendu. Il s\u2019agit du joueur de champ le plus utilis\u00e9 cette saison par l\u2019entra\u00eeneur britannique du Racing. Abdoul\u00a0Ouattara, souvent titulaire cette saison, sera lui aussi absent, en raison, cette fois, d\u2019une blessure aux ischios. <\/p>\n<p class=\"titre-tech\">Les \u00e9quipes probables<\/p>\n<p class=\"tech\"><strong class=\"tech\">RC STRASBOURG.<\/strong> Penders &#8211; Doukour\u00e9, M. Sarr (cap.), Chilwell &#8211; G. Dou\u00e9, Amougou, El Mourabet, Moreira &#8211; Amo-Ameyaw, Panichelli, Paez. Entra\u00eeneur : Liam Rosenior. Rempla\u00e7ants (\u00e0 choisir parmi) : Bajic (g.), Sylla, Sobol, Hogsberg, Omobamidele, Nzingoula, R. Luis, Enciso, Nanasi, Godo, Lemarechal, Emegha. Absents : Barco (suspendu), Johnsson (g.), Oyedele, Sow (reprise), Ouattara (ischios).<\/p>\n<p class=\"tech\"><strong class=\"tech\">STADE BRESTOIS. <\/strong>Coudert &#8211; Lala, Chardonnet (cap.), Le Cardinal (ou Diaz), Guindo &#8211; Chotard, Tousart &#8211; Del Castillo, Doumbia, Mboup &#8211; Ajorque. Entra\u00eeneur : Eric Roy. Rempla\u00e7ants (\u00e0 choisir parmi) : Jauny (g.), Zogb\u00e9, Diaz (ou Le Cardinal), Le Guen, Bourgault, Magnetti, Makalou, Dina Ebimbe, Bald\u00e9, Labeau-Lascary. Incertain : Majecki (genou). Absents : Locko (cuisse), Coulibaly (accord entre clubs).<\/p>\n<p class=\"tech\"><strong class=\"tech\">Arbitre : <\/strong>Bastien Dechepy.<\/p>\n","protected":false},"excerpt":{"rendered":"Ligue 1 (14e journ\u00e9e). RC Strasbourg &#8211; Stade Brestois, dimanche (15 h) Souma\u00efla Coulibaly ne jouera pas ses&hellip;\n","protected":false},"author":2,"featured_media":567678,"comment_status":"","ping_status":"","sticky":false,"template":"","format":"standard","meta":{"footnotes":""},"categories":[2820],"tags":[1111,11,3450,3166,1777,674,63,1011,27,775,66,12,25,60,4449,640],"class_list":{"0":"post-567677","1":"post","2":"type-post","3":"status-publish","4":"format-standard","5":"has-post-thumbnail","7":"category-strasbourg","8":"tag-actu","9":"tag-actualites","10":"tag-brest","11":"tag-en-continu-sports","12":"tag-eu","13":"tag-europe","14":"tag-football","15":"tag-fr","16":"tag-france","17":"tag-grand-est","18":"tag-ligue-1","19":"tag-news","20":"tag-republique-francaise","21":"tag-sports","22":"tag-stade-brestois","23":"tag-strasbourg"},"share_on_mastodon":{"url":"https:\/\/pubeurope.com\/@fr\/115635624662872333","error":""},"_links":{"self":[{"href":"https:\/\/www.europesays.com\/fr\/wp-json\/wp\/v2\/posts\/567677","targetHints":{"allow":["GET"]}}],"collection":[{"href":"https:\/\/www.europesays.com\/fr\/wp-json\/wp\/v2\/posts"}],"about":[{"href":"https:\/\/www.europesays.com\/fr\/wp-json\/wp\/v2\/types\/post"}],"author":[{"embeddable":true,"href":"https:\/\/www.europesays.com\/fr\/wp-json\/wp\/v2\/users\/2"}],"replies":[{"embeddable":true,"href":"https:\/\/www.europesays.com\/fr\/wp-json\/wp\/v2\/comments?post=567677"}],"version-history":[{"count":0,"href":"https:\/\/www.europesays.com\/fr\/wp-json\/wp\/v2\/posts\/567677\/revisions"}],"wp:featuredmedia":[{"embeddable":true,"href":"https:\/\/www.europesays.com\/fr\/wp-json\/wp\/v2\/media\/567678"}],"wp:attachment":[{"href":"https:\/\/www.europesays.com\/fr\/wp-json\/wp\/v2\/media?parent=567677"}],"wp:term":[{"taxonomy":"category","embeddable":true,"href":"https:\/\/www.europesays.com\/fr\/wp-json\/wp\/v2\/categories?post=567677"},{"taxonomy":"post_tag","embeddable":true,"href":"https:\/\/www.europesays.com\/fr\/wp-json\/wp\/v2\/tags?post=567677"}],"curies":[{"name":"wp","href":"https:\/\/api.w.org\/{rel}","templated":true}]}}