{"id":567679,"date":"2025-11-29T23:39:32","date_gmt":"2025-11-29T23:39:32","guid":{"rendered":"https:\/\/www.europesays.com\/fr\/567679\/"},"modified":"2025-11-29T23:39:32","modified_gmt":"2025-11-29T23:39:32","slug":"le-proces-dun-homme-soupconne-de-proxenetisme-aggrave-impliquant-deux-mineures-a-nice-renvoye-a-debut-2026","status":"publish","type":"post","link":"https:\/\/www.europesays.com\/fr\/567679\/","title":{"rendered":"le proc\u00e8s d\u2019un homme soup\u00e7onn\u00e9 de prox\u00e9n\u00e9tisme aggrav\u00e9 impliquant deux mineures \u00e0 Nice renvoy\u00e9 \u00e0 d\u00e9but 2026"},"content":{"rendered":"<p class=\"fs-5 \">Le tribunal correctionnel de Nice devait juger ce jeudi un jeune homme de 24 ans, poursuivi pour prox\u00e9n\u00e9tisme aggrav\u00e9 impliquant trois victimes, dont deux mineures.<\/p>\n<p class=\"fs-5 \">Mais l\u2019audience a finalement \u00e9t\u00e9 renvoy\u00e9e au 29 janvier 2026, en raison d\u2019une incertitude concernant la convocation de l\u2019une des victimes. Celle qui a donn\u00e9 l\u2019alerte.<\/p>\n<p class=\"fs-5 \">L\u2019association Acte P\u00e9lican a \u00e9t\u00e9 d\u00e9sign\u00e9e pour la repr\u00e9senter en qualit\u00e9 d\u2019administrateur ad hoc.<\/p>\n<p>                                                                                Trois hommes plac\u00e9s en garde \u00e0 vue<\/p>\n<p class=\"fs-5 \">Le parquet de Nice indique que les faits remontent au 24 novembre dernier. Les policiers interviennent alors dans un appartement situ\u00e9 boulevard Gambetta apr\u00e8s un signalement faisant \u00e9tat d\u2019une mineure en fugue se livrant \u00e0 la prostitution.<\/p>\n<p class=\"fs-5 \">Sur place, les forces de l\u2019ordre d\u00e9couvrent trois hommes, dont deux mineurs, ainsi que deux jeunes femmes, dont l\u2019une \u00e9galement mineure.<\/p>\n<p class=\"fs-5 \">Les hommes sont imm\u00e9diatement plac\u00e9s en garde \u00e0 vue, tandis que les deux jeunes femmes sont entendues. Elles reconnaissent s\u2019\u00eatre livr\u00e9es \u00e0 la prostitution et affirment que les hommes assuraient leur s\u00e9curit\u00e9.<\/p>\n<p>                                                                                Des appartements lou\u00e9s \u00e0 Lyon, Villeurbanne et Nice<\/p>\n<p class=\"fs-5 \">Au cours de l\u2019enqu\u00eate men\u00e9e par le SLPJ de Nice, les investigations t\u00e9l\u00e9phoniques et la consultation des annonces en ligne r\u00e9v\u00e8lent un syst\u00e8me organis\u00e9 : locations d\u2019appartements, gestion de rendez-vous, annonces sur des sites en ligne, notamment Sexmodel.<\/p>\n<p class=\"fs-5 \">Ces \u00e9l\u00e9ments permettent d\u2019identifier la troisi\u00e8me victime, \u00e9galement mineure, et de confirmer que l\u2019activit\u00e9 aurait eu lieu entre le 1er et le 24 novembre 2025 \u00e0 Lyon, Villeurbanne et Nice.<\/p>\n<p class=\"fs-5 \">C\u2019est elle, qui apr\u00e8s avoir pris la fuite et s\u2019\u00eatre r\u00e9fugi\u00e9e chez sa m\u00e8re \u00e0 Menton a donn\u00e9 l\u2019alerte.<\/p>\n<p>                                                                                Soup\u00e7onn\u00e9s d\u2019avoir prostitu\u00e9 leurs copines<\/p>\n<p class=\"fs-5 \">Le pr\u00e9venu, de 25 ans, originaire d\u2019Orange et actuellement sans domicile fixe est connu de la justice pour des faits de trafic de stup\u00e9fiants.<\/p>\n<p class=\"fs-5 \">Ce qui lui a valu une condamnation en janvier 2025. En garde \u00e0 vue, il a d\u2019abord tent\u00e9 de minimiser son r\u00f4le, affirmant \u00eatre venu \u00ab en vacances \u00bb, avant de se murer dans le silence face aux preuves recueillies par les enqu\u00eateurs.<\/p>\n<p class=\"fs-5 \">Les deux mineurs \u00e2g\u00e9s de 16 et 17 ans arr\u00eat\u00e9s avec lui auraient prostitu\u00e9 leurs petites amies.<\/p>\n<p class=\"fs-5 \">L\u2019un d\u2019eux a reconnu les faits, l\u2019autre les nie enti\u00e8rement. Ils seront jug\u00e9s s\u00e9par\u00e9ment devant le tribunal pour enfants, le parquet a requis leur placement en d\u00e9tention provisoire.<\/p>\n","protected":false},"excerpt":{"rendered":"Le tribunal correctionnel de Nice devait juger ce jeudi un jeune homme de 24 ans, poursuivi pour prox\u00e9n\u00e9tisme&hellip;\n","protected":false},"author":2,"featured_media":567680,"comment_status":"","ping_status":"","sticky":false,"template":"","format":"standard","meta":{"footnotes":""},"categories":[2819],"tags":[1111,11,1777,674,1011,27,12,2401,882,25],"class_list":{"0":"post-567679","1":"post","2":"type-post","3":"status-publish","4":"format-standard","5":"has-post-thumbnail","7":"category-nice","8":"tag-actu","9":"tag-actualites","10":"tag-eu","11":"tag-europe","12":"tag-fr","13":"tag-france","14":"tag-news","15":"tag-nice","16":"tag-provence-alpes-cote-dazur","17":"tag-republique-francaise"},"share_on_mastodon":{"url":"https:\/\/pubeurope.com\/@fr\/115635628484187432","error":""},"_links":{"self":[{"href":"https:\/\/www.europesays.com\/fr\/wp-json\/wp\/v2\/posts\/567679","targetHints":{"allow":["GET"]}}],"collection":[{"href":"https:\/\/www.europesays.com\/fr\/wp-json\/wp\/v2\/posts"}],"about":[{"href":"https:\/\/www.europesays.com\/fr\/wp-json\/wp\/v2\/types\/post"}],"author":[{"embeddable":true,"href":"https:\/\/www.europesays.com\/fr\/wp-json\/wp\/v2\/users\/2"}],"replies":[{"embeddable":true,"href":"https:\/\/www.europesays.com\/fr\/wp-json\/wp\/v2\/comments?post=567679"}],"version-history":[{"count":0,"href":"https:\/\/www.europesays.com\/fr\/wp-json\/wp\/v2\/posts\/567679\/revisions"}],"wp:featuredmedia":[{"embeddable":true,"href":"https:\/\/www.europesays.com\/fr\/wp-json\/wp\/v2\/media\/567680"}],"wp:attachment":[{"href":"https:\/\/www.europesays.com\/fr\/wp-json\/wp\/v2\/media?parent=567679"}],"wp:term":[{"taxonomy":"category","embeddable":true,"href":"https:\/\/www.europesays.com\/fr\/wp-json\/wp\/v2\/categories?post=567679"},{"taxonomy":"post_tag","embeddable":true,"href":"https:\/\/www.europesays.com\/fr\/wp-json\/wp\/v2\/tags?post=567679"}],"curies":[{"name":"wp","href":"https:\/\/api.w.org\/{rel}","templated":true}]}}