{"id":567681,"date":"2025-11-29T23:40:45","date_gmt":"2025-11-29T23:40:45","guid":{"rendered":"https:\/\/www.europesays.com\/fr\/567681\/"},"modified":"2025-11-29T23:40:45","modified_gmt":"2025-11-29T23:40:45","slug":"nice-un-gros-cheque-apres-les-claques","status":"publish","type":"post","link":"https:\/\/www.europesays.com\/fr\/567681\/","title":{"rendered":"Nice, un gros ch\u00e8que apr\u00e8s les claques ?"},"content":{"rendered":"<p><strong>Alors que Franck Haise est sur la<br \/>\nsellette \u00e0 Nice, l&rsquo;aspect financier pourrait peser lourd pour les<br \/>\nAiglons.<\/strong><\/p>\n<p>En ce moment, \u00e0 Nice, on compte les d\u00e9faites, les buts<br \/>\nencaiss\u00e9s\u2026 et les z\u00e9ros qui pourraient s\u2019inscrire sur le ch\u00e8que de<br \/>\nd\u00e9part de Franck Haise. Apr\u00e8s la d\u00e9route \u00e0 Porto (3-0) en Ligue<br \/>\nEuropa, le coach des Aiglons a r\u00e9v\u00e9l\u00e9 qu\u2019il avait failli partir<br \/>\napr\u00e8s la claque re\u00e7ue face \u00e0 Marseille (1-5) le week-end<br \/>\npr\u00e9c\u00e9dent.<\/p>\n<p>\u00ab\u00a0J\u2019ai propos\u00e9 \u00e0 mes dirigeants d\u2019\u00eatre l\u2019\u00e9lectrochoc<br \/>\napr\u00e8s Marseille, mais ce n\u2019\u00e9tait pas le moment sinon je ne serais<br \/>\npas devant vous\u00a0\u00bb, a confi\u00e9 l\u2019ancien entra\u00eeneur du RC<br \/>\nLens.<\/p>\n<p>La situation est complexe, car Franck Haise est d\u2019accord pour<br \/>\nc\u00e9der sa place. Mais il ne veut pas partir de lui-m\u00eame, pour<br \/>\nplusieurs raisons. \u00ab\u00a0J\u2019ai dit que je ne d\u00e9missionnerai<br \/>\npas. D\u00e9missionner voudrait dire que je suis le seul et unique<br \/>\nresponsable, ou que je consid\u00e8re que je suis le seul et unique<br \/>\nresponsable, a expliqu\u00e9 le technicien ce samedi face aux<br \/>\nm\u00e9dias, <a href=\"https:\/\/www.footmercato.net\/a7670439688629204611-ogc-nice-la-grosse-mise-au-point-de-franck-haise\" target=\"_blank\" rel=\"noopener\"><br \/>\nrelaye<\/a> <a href=\"https:\/\/www.footmercato.net\/a7670439688629204611-ogc-nice-la-grosse-mise-au-point-de-franck-haise\" target=\"_blank\" rel=\"noopener\"><br \/>\nFoot Mercato<\/a>. Je n\u2019enl\u00e8ve pas ma responsabilit\u00e9. Et je ne vais<br \/>\npas d\u00e9missionner, on est tous responsables.\u00a0\u00bb<\/p>\n<p>Franck Haise, quel montant pour ses indemnit\u00e9s ?<\/p>\n<p>L\u2019autre aspect, \u00e9videmment, est financier. En d\u00e9missionnant,<br \/>\nFranck Haise ferait une croix sur ses indemnit\u00e9s de d\u00e9part. Or,<br \/>\navec un contrat jusqu\u2019en 2029, et un salaire \u00e0 200 000 euros bruts<br \/>\nmensuels selon L\u2019Equipe, le coach azur\u00e9en pourrait r\u00e9cup\u00e9rer un<br \/>\nch\u00e8que de plusieurs millions d\u2019euros.<\/p>\n<p>\u00ab\u00a0\u00c7a fait partie de la r\u00e9alit\u00e9\u00a0\u00bb, a comment\u00e9<br \/>\nFranck Haise, avant d\u2019ajouter: \u00ab\u00a0Ceux qui connaissent mon<br \/>\ncontrat au club savent tr\u00e8s bien que m\u00eame si je devais partir, je<br \/>\nne toucherai pas la totalit\u00e9 de mes indemnit\u00e9s.\u00a0\u00bb<\/p>\n<blockquote class=\"twitter-tweet\"><p><a class=\"twitter-link\" rel=\"noindex, nofollow noopener\" href=\"https:\/\/twitter.com\/RMCsport\/status\/1994734160754479459\" target=\"_blank\"><\/p><\/blockquote>\n<p>\u00a0<\/p>\n<p>\u00a0<\/p>\n<p><script async src=\"https:\/\/platform.twitter.com\/widgets.js\" charset=\"utf-8\"><\/script><\/p>\n","protected":false},"excerpt":{"rendered":"Alors que Franck Haise est sur la sellette \u00e0 Nice, l&rsquo;aspect financier pourrait peser lourd pour les Aiglons.&hellip;\n","protected":false},"author":2,"featured_media":567682,"comment_status":"","ping_status":"","sticky":false,"template":"","format":"standard","meta":{"footnotes":""},"categories":[2819],"tags":[1111,11,1777,674,1011,27,12,2401,882,25],"class_list":{"0":"post-567681","1":"post","2":"type-post","3":"status-publish","4":"format-standard","5":"has-post-thumbnail","7":"category-nice","8":"tag-actu","9":"tag-actualites","10":"tag-eu","11":"tag-europe","12":"tag-fr","13":"tag-france","14":"tag-news","15":"tag-nice","16":"tag-provence-alpes-cote-dazur","17":"tag-republique-francaise"},"share_on_mastodon":{"url":"https:\/\/pubeurope.com\/@fr\/115635632410606096","error":""},"_links":{"self":[{"href":"https:\/\/www.europesays.com\/fr\/wp-json\/wp\/v2\/posts\/567681","targetHints":{"allow":["GET"]}}],"collection":[{"href":"https:\/\/www.europesays.com\/fr\/wp-json\/wp\/v2\/posts"}],"about":[{"href":"https:\/\/www.europesays.com\/fr\/wp-json\/wp\/v2\/types\/post"}],"author":[{"embeddable":true,"href":"https:\/\/www.europesays.com\/fr\/wp-json\/wp\/v2\/users\/2"}],"replies":[{"embeddable":true,"href":"https:\/\/www.europesays.com\/fr\/wp-json\/wp\/v2\/comments?post=567681"}],"version-history":[{"count":0,"href":"https:\/\/www.europesays.com\/fr\/wp-json\/wp\/v2\/posts\/567681\/revisions"}],"wp:featuredmedia":[{"embeddable":true,"href":"https:\/\/www.europesays.com\/fr\/wp-json\/wp\/v2\/media\/567682"}],"wp:attachment":[{"href":"https:\/\/www.europesays.com\/fr\/wp-json\/wp\/v2\/media?parent=567681"}],"wp:term":[{"taxonomy":"category","embeddable":true,"href":"https:\/\/www.europesays.com\/fr\/wp-json\/wp\/v2\/categories?post=567681"},{"taxonomy":"post_tag","embeddable":true,"href":"https:\/\/www.europesays.com\/fr\/wp-json\/wp\/v2\/tags?post=567681"}],"curies":[{"name":"wp","href":"https:\/\/api.w.org\/{rel}","templated":true}]}}