{"id":567683,"date":"2025-11-29T23:42:33","date_gmt":"2025-11-29T23:42:33","guid":{"rendered":"https:\/\/www.europesays.com\/fr\/567683\/"},"modified":"2025-11-29T23:42:33","modified_gmt":"2025-11-29T23:42:33","slug":"lautre-marche-local-et-engage-a-ouvert-a-nantes","status":"publish","type":"post","link":"https:\/\/www.europesays.com\/fr\/567683\/","title":{"rendered":"L\u2019Autre march\u00e9, local et engag\u00e9, a ouvert \u00e0 Nantes"},"content":{"rendered":"<p>Sous les lampions, leur chant vif s\u2019\u00e9l\u00e8ve avec force dans les airs. En ce vendredi 28\u00a0novembre, jour d\u2019ouverture de l\u2019Autre March\u00e9, la chorale f\u00e9ministe des Chants rouges donne le la. Verre de vin chaud \u00e0 la main, des badauds s\u2019approchent de la joyeuse guinguette. Bienvenue \u00e0 l\u2019Autre march\u00e9, rendez-vous de No\u00ebl de l\u2019\u00e9conomie sociale et solidaire port\u00e9 par les \u00c9cossolies, esplanade Feydeau, \u00e0 Nantes.<\/p>\n<p>\u00a0On adore venir pour nos emplettes, souffle un couple de quadrag\u00e9naires crois\u00e9 pr\u00e8s d\u2019un stand de savons artisanaux. On trouve des cadeaux sympas mais, surtout, qui ont du sens.\u00a0 <a href=\"https:\/\/nantes.maville.com\/actu\/actudet_-avec-25-de-croissance-comment-le-nantais-2a-organisation-est-devenu-un-acteur-majeur-des-marches-de-noel-en-france-_52716-7070480_actu.Htm\" target=\"_self\" rel=\"noopener\">Le march\u00e9 de No\u00ebl des places du Commerce et Royale\u00a0?<\/a> \u00a0Rien \u00e0 voir. On pr\u00e9f\u00e8re acheter local.\u00a0<\/p>\n<p>Ressourceries, recycleries et friperies<\/p>\n<p>Dans la friperie de Patmouille, entreprise d\u2019insertion de Vallet, \u00e7a farfouille parmi les v\u00eatements d\u2019occasion. Une trentenaire exhibe un haut jaune d\u2019or et lance \u00e0 la cantonade\u00a0: \u00a0J\u2019ai trouv\u00e9 ma tenue de r\u00e9veillon\u00a0!\u00a0 Jusqu\u2019au 23\u00a0d\u00e9cembre, seize ressourceries, recycleries et friperies associatives se relaieront sur l\u2019espace de vente de 90\u00a0m\u00b2.<\/p>\n<p>Au stand de la ferme de la Rousseli\u00e8re, une femme s\u2019\u00e9merveille devant les beaux fromages venus de Ch\u00e2teaubriant. \u00a0Regardez ces pains app\u00e9tissants\u00a0\u00bb, ajoute-t-elle avec gourmandise. March\u00e9 paysan, associations, collectifs, maisons d\u2019\u00e9ditions locales (comme Rouquemoute), artisanat (mode, d\u00e9co, maroquinerie, c\u00e9ramique, bijoux), restauration\u2026 72\u00a0exposants invitent \u00e0 consommer responsable. En prime, des chorales, locales et engag\u00e9es, le jeudi, des concerts le vendredi, et des ateliers r\u00e9cup, le mercredi et le week-end.<\/p>\n<p><strong>Jusqu\u2019au 23\u00a0d\u00e9cembre<\/strong>, de 11\u00a0h \u00e0 20\u00a0h (21\u00a0h le vendredi et le samedi), esplanade Feydeau, \u00e0 Nantes, entr\u00e9e libre, www.ecossolies.fr.<\/p>\n<p>\u00a0<\/p>\n","protected":false},"excerpt":{"rendered":"Sous les lampions, leur chant vif s\u2019\u00e9l\u00e8ve avec force dans les airs. En ce vendredi 28\u00a0novembre, jour d\u2019ouverture&hellip;\n","protected":false},"author":2,"featured_media":567684,"comment_status":"","ping_status":"","sticky":false,"template":"","format":"standard","meta":{"footnotes":""},"categories":[2818],"tags":[1111,11,12708,1777,674,1011,27,4555,2089,766,12,15316,2636,25],"class_list":{"0":"post-567683","1":"post","2":"type-post","3":"status-publish","4":"format-standard","5":"has-post-thumbnail","7":"category-nantes","8":"tag-actu","9":"tag-actualites","10":"tag-engage","11":"tag-eu","12":"tag-europe","13":"tag-fr","14":"tag-france","15":"tag-local","16":"tag-marche","17":"tag-nantes","18":"tag-news","19":"tag-ouvert","20":"tag-pays-de-la-loire","21":"tag-republique-francaise"},"share_on_mastodon":{"url":"https:\/\/pubeurope.com\/@fr\/115635640351517099","error":""},"_links":{"self":[{"href":"https:\/\/www.europesays.com\/fr\/wp-json\/wp\/v2\/posts\/567683","targetHints":{"allow":["GET"]}}],"collection":[{"href":"https:\/\/www.europesays.com\/fr\/wp-json\/wp\/v2\/posts"}],"about":[{"href":"https:\/\/www.europesays.com\/fr\/wp-json\/wp\/v2\/types\/post"}],"author":[{"embeddable":true,"href":"https:\/\/www.europesays.com\/fr\/wp-json\/wp\/v2\/users\/2"}],"replies":[{"embeddable":true,"href":"https:\/\/www.europesays.com\/fr\/wp-json\/wp\/v2\/comments?post=567683"}],"version-history":[{"count":0,"href":"https:\/\/www.europesays.com\/fr\/wp-json\/wp\/v2\/posts\/567683\/revisions"}],"wp:featuredmedia":[{"embeddable":true,"href":"https:\/\/www.europesays.com\/fr\/wp-json\/wp\/v2\/media\/567684"}],"wp:attachment":[{"href":"https:\/\/www.europesays.com\/fr\/wp-json\/wp\/v2\/media?parent=567683"}],"wp:term":[{"taxonomy":"category","embeddable":true,"href":"https:\/\/www.europesays.com\/fr\/wp-json\/wp\/v2\/categories?post=567683"},{"taxonomy":"post_tag","embeddable":true,"href":"https:\/\/www.europesays.com\/fr\/wp-json\/wp\/v2\/tags?post=567683"}],"curies":[{"name":"wp","href":"https:\/\/api.w.org\/{rel}","templated":true}]}}