{"id":567689,"date":"2025-11-29T23:45:29","date_gmt":"2025-11-29T23:45:29","guid":{"rendered":"https:\/\/www.europesays.com\/fr\/567689\/"},"modified":"2025-11-29T23:45:29","modified_gmt":"2025-11-29T23:45:29","slug":"bordeaux-qualifie-apres-un-scenario-dingue-coupe-de-france-8e-tour-mazeres-bordeaux-3-4","status":"publish","type":"post","link":"https:\/\/www.europesays.com\/fr\/567689\/","title":{"rendered":"Bordeaux qualifi\u00e9 apr\u00e8s un sc\u00e9nario dingue &#8211; Coupe de France &#8211; 8e tour &#8211; Maz\u00e8res-Bordeaux (3-4)"},"content":{"rendered":"<p>Bordeaux n\u2019est pas mort !<\/p>\n<p>En d\u00e9placement \u00e0 Maz\u00e8res pour y disputer son huiti\u00e8me tour de Coupe de France, <strong>Bordeaux s\u2019est offert un samedi soir riche en \u00e9motions (3-4)<\/strong>. D\u2019abord men\u00e9s de trois buts \u00e0 la mi-temps, les Girondins sont en effet revenus de nulle part pour se qualifier pour les 32es de finale, qui verront les clubs de l\u2019\u00e9lite faire leur entr\u00e9e en lice.<\/p>\n<p>La r\u00e9volte s\u2019est jou\u00e9e au retour des vestiaires, avec trois buts sign\u00e9s Ruben Droehnl\u00e9, Steve Shamal et Matthieu Villette en un gros quart d\u2019heure pour revenir au score. <strong>Avant la d\u00e9livrance sign\u00e9e Matthieu Villette une nouvelle fois<\/strong>, sur un service de Shamal, \u00e0 une dizaine de minutes de la fin de la partie.<\/p>\n<p>Les Girondins de Bordeaux vont peut-\u00eatre rejouer contre un club de Ligue 1 !<\/p>\n<p>\t\t\t\t\t\t\t\t\t\t<a class=\"lien-connexe\" href=\"https:\/\/www.sofoot.com\/breves\/cedric-yambere-licencie-par-les-girondins-de-bordeaux\" target=\"_blank\" rel=\"noopener\">Un joueur licenci\u00e9 par les Girondins de Bordeaux<\/a>\t\t\t\t\t<\/p>\n","protected":false},"excerpt":{"rendered":"Bordeaux n\u2019est pas mort ! En d\u00e9placement \u00e0 Maz\u00e8res pour y disputer son huiti\u00e8me tour de Coupe de&hellip;\n","protected":false},"author":2,"featured_media":567690,"comment_status":"","ping_status":"","sticky":false,"template":"","format":"standard","meta":{"footnotes":""},"categories":[2817],"tags":[1111,47,11,61,1997,69,65,64,1777,674,63,1011,27,68,66,12,62,2219,70,25,67],"class_list":{"0":"post-567689","1":"post","2":"type-post","3":"status-publish","4":"format-standard","5":"has-post-thumbnail","7":"category-bordeaux","8":"tag-actu","9":"tag-actualite","10":"tag-actualites","11":"tag-actus-football","12":"tag-bordeaux","13":"tag-bundesliga","14":"tag-championnats-europeens","15":"tag-equipe-de-france","16":"tag-eu","17":"tag-europe","18":"tag-football","19":"tag-fr","20":"tag-france","21":"tag-ligua","22":"tag-ligue-1","23":"tag-news","24":"tag-news-foot","25":"tag-nouvelle-aquitaine","26":"tag-premier-league","27":"tag-republique-francaise","28":"tag-serie-a"},"share_on_mastodon":{"url":"https:\/\/pubeurope.com\/@fr\/115635652343393188","error":""},"_links":{"self":[{"href":"https:\/\/www.europesays.com\/fr\/wp-json\/wp\/v2\/posts\/567689","targetHints":{"allow":["GET"]}}],"collection":[{"href":"https:\/\/www.europesays.com\/fr\/wp-json\/wp\/v2\/posts"}],"about":[{"href":"https:\/\/www.europesays.com\/fr\/wp-json\/wp\/v2\/types\/post"}],"author":[{"embeddable":true,"href":"https:\/\/www.europesays.com\/fr\/wp-json\/wp\/v2\/users\/2"}],"replies":[{"embeddable":true,"href":"https:\/\/www.europesays.com\/fr\/wp-json\/wp\/v2\/comments?post=567689"}],"version-history":[{"count":0,"href":"https:\/\/www.europesays.com\/fr\/wp-json\/wp\/v2\/posts\/567689\/revisions"}],"wp:featuredmedia":[{"embeddable":true,"href":"https:\/\/www.europesays.com\/fr\/wp-json\/wp\/v2\/media\/567690"}],"wp:attachment":[{"href":"https:\/\/www.europesays.com\/fr\/wp-json\/wp\/v2\/media?parent=567689"}],"wp:term":[{"taxonomy":"category","embeddable":true,"href":"https:\/\/www.europesays.com\/fr\/wp-json\/wp\/v2\/categories?post=567689"},{"taxonomy":"post_tag","embeddable":true,"href":"https:\/\/www.europesays.com\/fr\/wp-json\/wp\/v2\/tags?post=567689"}],"curies":[{"name":"wp","href":"https:\/\/api.w.org\/{rel}","templated":true}]}}