{"id":567695,"date":"2025-11-29T23:50:02","date_gmt":"2025-11-29T23:50:02","guid":{"rendered":"https:\/\/www.europesays.com\/fr\/567695\/"},"modified":"2025-11-29T23:50:02","modified_gmt":"2025-11-29T23:50:02","slug":"lille-corrige-le-dinamo-zagreb-4-0-et-se-relance-en-ligue-europa","status":"publish","type":"post","link":"https:\/\/www.europesays.com\/fr\/567695\/","title":{"rendered":"Lille corrige le Dinamo Zagreb 4-0 et se relance en Ligue Europa"},"content":{"rendered":"<p>En Ligue Europa, le LOSC s&rsquo;est logiquement impos\u00e9 jeudi face \u00e0 une tr\u00e8s faible \u00e9quipe du Dinamo Zagreb. Correia a ouvert le score \u00e0 la 21e minute, Mukau a doubl\u00e9 la mise 15 minutes plus tard. Les Dogues ont cors\u00e9 l&rsquo;addition gr\u00e2ce \u00e0 deux nouveaux buts d&rsquo;Igamane \u00e0 la 68e et d&rsquo;Andr\u00e9 \u00e0 la 86e.<\/p>\n<p>Ce jeudi, en Ligue Europa, Lille a r\u00e9alis\u00e9 une tr\u00e8s belle op\u00e9ration en s&rsquo;imposant largement face \u00e0 une \u00e9quipe du Dinamo Zagreb qui a fait preuve de beaucoup de na\u00efvet\u00e9 et de largesse d\u00e9fensive. Sur le premier, Haraldsson lanc\u00e9 pleine axe trouve id\u00e9alement Correia dans la surface de r\u00e9p\u00e9ration. Sur le deuxi\u00e8me, Igamane gagne son duel avec le lat\u00e9ral adverse avant de trouver Mukau au point de p\u00e9nalty. Sur le 3e, nouvelle inspiration d&rsquo;Haraldsson qui d\u00e9cale id\u00e9alement Igamane. Sur le 4\u00e8me, Andr\u00e9 profite d&rsquo;une frappe d&rsquo;Mbapp\u00e9 repouss\u00e9 dans l&rsquo;axe de la surface par Filipovic.<\/p>\n<p>Le LOSC se replace au classement de cette phase r\u00e9guli\u00e8re<\/p>\n<p>Ce succ\u00e8s permet \u00e0 Lille de se replacer id\u00e9alement dans la course au Top 8, qualificatif directement pour les 8\u00e8me de finales de la Ligue Europa. Le LOSC a d&rsquo;ailleurs eu la bonne id\u00e9e de marquer le plus de but possible. Apr\u00e8s cette large victoire, il dispose d\u00e9sormais d&rsquo;une diff\u00e9rence de buts positive de +4 qui pourrait s&rsquo;av\u00e9rer tr\u00e8s importante au soir de la derni\u00e8re journ\u00e9e de cette phase r\u00e9guli\u00e8re.<\/p>\n<p>Igamane dans tous les bons coups<\/p>\n<p>L&rsquo;attaquant marocain , titulaire afin de permettre \u00e0 Olivier Giroud de souffler aura \u00e9t\u00e9 de tous les bons coup au cours de cette rencontre. Sur le 1er but il r\u00e9alise un contr\u00f4le parfait dans le rond central sur un ballon a\u00e9rien pour trouver Haraldsson lanc\u00e9 qui va ensuite d\u00e9caler Correia. Sur le 2\u00e8me, il fixe son adversaire direct dans la surface de r\u00e9paration avant de centrer \u00e0 ras de terre pour Mukau. Sur le 3\u00e8me, c&rsquo;est lui qui offre une solution dans la surface de r\u00e9paration avant de croiser sa frappe du pied droit sans contr\u00f4le.<\/p>\n<p>Le d\u00e9but d&rsquo;une s\u00e9rie\u00a0?<\/p>\n<p>Lille a enfin signer de nouveau une 2\u00e8me victoire cons\u00e9cutive. Les Dogues n&rsquo;avaient plus \u00e9t\u00e9 \u00e0 pareille f\u00eate depuis le d\u00e9but de saison. Il faut remonter au 14 septembre dernier et au 30 ao\u00fbt pour les voir encha\u00eener deux succ\u00e8s de rang. C&rsquo;\u00e9tait en Ligue 1 \u00e0 Lorient (7-1) et devant Toulouse (2-1).<\/p>\n<p>loading<\/p>\n","protected":false},"excerpt":{"rendered":"En Ligue Europa, le LOSC s&rsquo;est logiquement impos\u00e9 jeudi face \u00e0 une tr\u00e8s faible \u00e9quipe du Dinamo Zagreb.&hellip;\n","protected":false},"author":2,"featured_media":567696,"comment_status":"","ping_status":"","sticky":false,"template":"","format":"standard","meta":{"footnotes":""},"categories":[2815],"tags":[1111,11,1777,674,1011,27,811,1307,12,25],"class_list":{"0":"post-567695","1":"post","2":"type-post","3":"status-publish","4":"format-standard","5":"has-post-thumbnail","7":"category-lille","8":"tag-actu","9":"tag-actualites","10":"tag-eu","11":"tag-europe","12":"tag-fr","13":"tag-france","14":"tag-hauts-de-france","15":"tag-lille","16":"tag-news","17":"tag-republique-francaise"},"share_on_mastodon":{"url":"https:\/\/pubeurope.com\/@fr\/115635672996635294","error":""},"_links":{"self":[{"href":"https:\/\/www.europesays.com\/fr\/wp-json\/wp\/v2\/posts\/567695","targetHints":{"allow":["GET"]}}],"collection":[{"href":"https:\/\/www.europesays.com\/fr\/wp-json\/wp\/v2\/posts"}],"about":[{"href":"https:\/\/www.europesays.com\/fr\/wp-json\/wp\/v2\/types\/post"}],"author":[{"embeddable":true,"href":"https:\/\/www.europesays.com\/fr\/wp-json\/wp\/v2\/users\/2"}],"replies":[{"embeddable":true,"href":"https:\/\/www.europesays.com\/fr\/wp-json\/wp\/v2\/comments?post=567695"}],"version-history":[{"count":0,"href":"https:\/\/www.europesays.com\/fr\/wp-json\/wp\/v2\/posts\/567695\/revisions"}],"wp:featuredmedia":[{"embeddable":true,"href":"https:\/\/www.europesays.com\/fr\/wp-json\/wp\/v2\/media\/567696"}],"wp:attachment":[{"href":"https:\/\/www.europesays.com\/fr\/wp-json\/wp\/v2\/media?parent=567695"}],"wp:term":[{"taxonomy":"category","embeddable":true,"href":"https:\/\/www.europesays.com\/fr\/wp-json\/wp\/v2\/categories?post=567695"},{"taxonomy":"post_tag","embeddable":true,"href":"https:\/\/www.europesays.com\/fr\/wp-json\/wp\/v2\/tags?post=567695"}],"curies":[{"name":"wp","href":"https:\/\/api.w.org\/{rel}","templated":true}]}}