{"id":567707,"date":"2025-11-29T23:58:14","date_gmt":"2025-11-29T23:58:14","guid":{"rendered":"https:\/\/www.europesays.com\/fr\/567707\/"},"modified":"2025-11-29T23:58:14","modified_gmt":"2025-11-29T23:58:14","slug":"star-academy-theo-l-elimine-lily-sauvee-par-les-eleves","status":"publish","type":"post","link":"https:\/\/www.europesays.com\/fr\/567707\/","title":{"rendered":"\u00ab\u00a0Star Academy\u00a0\u00bb\u00a0: Th\u00e9o L. \u00e9limin\u00e9, Lily sauv\u00e9e par les \u00e9l\u00e8ves"},"content":{"rendered":"<p class=\"paragraph text_align_left lp-f-body-02\">Par bin\u00f4me, v\u00eatus de paillettes argent\u00e9es, d\u2019imprim\u00e9s z\u00e8bre et de combinaison en jeans, les \u00e9l\u00e8ves de la nouvelle promo de \u00ab Star Academy \u00bb entonnent \u00ab Voulez-vous \u00bb, l\u2019hymne de cette nouvelle \u00e9dition, traduit du tube d\u2019ABBA. Pour ce \u00ab prime des destins li\u00e9s \u00bb, Nikos Aliagas, lui, a opt\u00e9 pour un costume d\u2019un violet audacieux. Cette semaine, les \u00e9l\u00e8ves du t\u00e9l\u00e9-crochet de TF 1 ont travaill\u00e9 (et \u00e9t\u00e9 nomm\u00e9s) par deux. Sur la sellette ce soir, Jeanne et L\u00e9o d\u2019un c\u00f4t\u00e9, Lily et Th\u00e9o L. de l\u2019autre. Les t\u00e9l\u00e9spectateurs ont vot\u00e9 pour les premiers. Les autres \u00e9l\u00e8ves, qui avaient la lourde responsabilit\u00e9 de sauver l\u2019un des deux candidats restants, ont rep\u00each\u00e9 Lily. A la fin de l\u2019\u00e9mission, Th\u00e9o L. a donc quitt\u00e9 l\u2019aventure. Retour sur une soir\u00e9e riches en \u00e9motions.<\/p>\n<p class=\"paragraph text_align_left lp-f-body-02\">Sarah et Ambre ouvrent le bal de cette septi\u00e8me \u00e9mission de la saison avec \u00ab Total eclipse of the heart \u00bb, de Bonnie Tyler, dans un tableau vocalement puissant, qui les met \u00e0 leur avantage, en total unisson. Elles jouent d\u00e9j\u00e0 avec la cam\u00e9ra comme des pros et d\u00e9cha\u00eenent le public. \u00ab \u00c7a commence fort \u00bb, souligne Nikos qui parle de \u00ab choc des divas \u00bb. \u00ab Tout \u00e0 l\u2019air facile avec elle mais ce sont deux perfectionnistes, deux ambitieuses \u00bb, salue Michael Goldman, directeur de la \u00ab <a href=\"https:\/\/www.leparisien.fr\/culture-loisirs\/tv\/star-academy\/\" target=\"_self\" rel=\"noopener\">Star Academy<\/a> \u00bb.<\/p>\n<p class=\"paragraph text_align_left lp-f-body-02\">Anouk et Th\u00e9o P., bin\u00f4me gagnant de la semaine, se lancent avec Gims. Sur \u00ab Ninao \u00bb, Th\u00e9o et le rappeur aux six milliards de streams chantent suspendu au-dessus de danseurs v\u00eatus de noir qu\u2019ils rejoignent \u00e0 la fin du titre. Anouk, escort\u00e9e par La Mano 1.9, prend alors le relais sur \u00ab Parisienne \u00bb. La jeune femme ne boude pas son plaisir. Elle s\u2019en donne \u00e0 c\u0153ur joie. \u00ab Franchement, elle a interpr\u00e9t\u00e9 la Parisienne \u00e0 merveille. Elle \u00e9tait totalement \u00e0 l\u2019aise. Elle a incarn\u00e9 le personnage. Elle a eu les attitudes. C\u2019est carr\u00e9, Anouk \u00bb, salue Gims \u00e0 l\u2019issue de leur prestation.<\/p>\n<p class=\"paragraph text_align_left lp-f-body-02\">L\u00e9a accompagne ensuite Linh sur \u00ab Ne me dis plus jamais \u00bb avant que Th\u00e9o P. et Anouk s\u2019affrontent dans un duel au sommet. Face \u00e0 face, ils chantent pour ouvrir le prime de la semaine prochaine. Sur \u00ab Le G\u00e9ant de papier \u00bb, de Jean-Jacques Lafon, Th\u00e9o P. semble \u00e0 la peine et passe en force ; Anouk, elle, assume une interpr\u00e9tation plus ma\u00eetris\u00e9e et tout aussi puissante. \u00c7a ne fait pas un pli : elle fait l\u2019unanimit\u00e9 chez les professeurs. <a href=\"https:\/\/www.leparisien.fr\/culture-loisirs\/tv\/a-star-academy-je-suis-comme-un-gamin-qui-est-papy-le-nouveau-prof-de-theatre-de-la-saison-13-18-10-2025-MFD2AAMZHJFVLCZW6AT2C6NABY.php\" target=\"_self\" rel=\"noopener\">Papy, le prof de th\u00e9\u00e2tre<\/a>, salue son \u00ab envol\u00e9e lyrique \u00bb, Sofia Morgavi, qui enseigne le chant, la \u00ab chanteuse lib\u00e9r\u00e9e \u00bb.<\/p>\n<p class=\"paragraph text_align_left lp-f-body-02\">Nomm\u00e9s, Lily et Th\u00e9o L. tentent de sauver leur peau avec \u00ab M\u2019envoler \u00bb de Carla et Jeck. La mise en sc\u00e8ne est pleine d\u2019astuces mais la difficult\u00e9 flagrante.<\/p>\n<p>\u00ab Je veux qu\u2019il soit un oiseau \u00bb<\/p>\n<p class=\"paragraph text_align_left lp-f-body-02\">Pour son autoportrait, Anouk choisit \u00ab Dans le port d\u2019Amsterdam \u00bb. Quand son p\u00e8re vient la surprendre sur le titre de <a href=\"https:\/\/www.leparisien.fr\/culture-loisirs\/musique\/jacques-brel-les-derniers-secrets-il-y-a-50-ans-malade-et-pourchasse-il-stoppe-son-tour-du-monde-aux-marquises-19-11-2025-WRCZEMDR7VCH3EEGMNGDQAUR3I.php\" target=\"_self\" rel=\"noopener\">Jacques Brel<\/a>, la jeune femme sourit mais ne se laisse pas distraire. Elle encha\u00eene avec \u00ab Skinny love \u00bb, de Bon Iver Sur \u00ab Destin \u00bb, de C\u00e9line Dion, elle s\u2019offre un bain de foule. Change d\u2019univers gr\u00e2ce \u00e0 \u00ab It\u2019s oh so quiet \u00bb, de Bj\u00f6rk.<\/p>\n<p class=\"paragraph text_align_left lp-f-body-02\">Apr\u00e8s la deuxi\u00e8me page de pub, Th\u00e9o P. rel\u00e8ve ensuite le d\u00e9fi de l\u2019exigeant tableau chant\u00e9 et dans\u00e9. La chor\u00e9graphie, tr\u00e8s a\u00e9rienne, compte un nombre impressionnant de port\u00e9s. \u00ab Je veux qu\u2019il soit un oiseau \u00e9l\u00e9gant qui s\u2019envole et non une gargouille \u00bb, s\u2019\u00e9tait amus\u00e9 Jonathan Jenvrin, le prof de danse, en introduction. Le voil\u00e0 donc qui s\u2019\u00e9l\u00e8ve dans les airs tandis qu\u2019il reprend \u00ab A star full of stars \u00bb de Cold Play. Pas banal. Et bluffant ! Torse nu sous sa chemise blanche grande ouverte, Th\u00e9o prend l\u2019exercice tr\u00e8s au s\u00e9rieux. \u00ab On a tap\u00e9 le plafond, tu \u00e9tais extraordinaire \u00bb, applaudit son prof. Avec 14,8, il ne parvient pas \u00e0 battre le 16 de <a href=\"https:\/\/www.leparisien.fr\/culture-loisirs\/tv\/star-academy-orgelets-petits-bobos-comment-la-production-prend-soin-des-eleves-28-11-2025-65RE2JBQWBA5TBMAWWKGWLQQ7Y.php\" target=\"_self\" rel=\"noopener\">Bastiaan<\/a> mais s\u2019en sort avec les honneurs.<\/p>\n<p class=\"paragraph text_align_left lp-f-body-02\">Jeanne et L\u00e9o, nomm\u00e9s, ne se quittent pas des yeux sur \u00ab Alter Ego \u00bb, de Jean-Louis Aubert, qui met leur connexion en \u00e9vidence, malgr\u00e9 quelques rat\u00e9s.<\/p>\n<p class=\"paragraph text_align_left lp-f-body-02\">Le plus beau est clairement \u00e0 venir : g\u00e9n\u00e9reuse et impressionnante, Tina Arena partage la sc\u00e8ne avec Victor sur une formidable reprise de \u00ab I want to spend my life time loving you \u00bb, qui donne la chair de poule \u00e0 un public sous le charme. \u00ab Okay, je te dis, au niveau des \u00e9changes artistiques, j\u2019en ai eu quelques-uns dans mon parcours. Ce que je viens de partager avec Victor, c\u2019est mon c\u0153ur qui bat tellement fort \u00bb, sourit l\u2019Australienne en fran\u00e7ais, arrachant une larme \u00e0 son petit prot\u00e9g\u00e9.<\/p>\n<p class=\"paragraph text_align_left lp-f-body-02\">Avant que leur sort ne soit tranch\u00e9, les duos nomm\u00e9s s\u2019affrontent encore lors d\u2019une battle dite secr\u00e8te parce que les \u00e9l\u00e8ves ne savent qui va interpr\u00e9ter quel titre. \u00ab Deux rounds, le premier sur un tube rock en anglais, le second sur une magnifique chanson en fran\u00e7ais \u00bb, pr\u00e9cise Nikos. Sur \u00ab Should I stay or should I go \u00bb, des Clash, Lily a envie d\u2019en d\u00e9coudre face \u00e0 L\u00e9o. Jeanne et Th\u00e9o L., eux, luttent \u2013 c\u2019est le cas de le dire \u2013 sur \u00ab Et maintenant \u00bb, de Gilbert B\u00e9caud.<\/p>\n<p class=\"paragraph text_align_left lp-f-body-02\">Suivent encore Sarah et Gims, soutenus par un ch\u0153ur gospel, M\u00e9lissa et Superbus, qui s\u2019amusent sur \u00ab Lola \u00bb, \u00ab Ordinary \u00bb d\u2019Alex Warren chant\u00e9 par Ambre et Sarah, \u00ab Die with a smile \u00bb de Lady Gaga et Bruno Mars vu par Victor et L\u00e9a, \u00ab Pink pony club \u00bb de Chappell Roan version Bastiaan et M\u00e9lissa\u2026 Mais la soir\u00e9e s\u2019\u00e9ternise et alt\u00e8re l\u2019int\u00e9r\u00eat de tableaux pourtant ambitieux.<\/p>\n<p class=\"paragraph text_align_left lp-f-body-02\">Avant de donner le verdict du public, Nikos glisse que le premier album des acad\u00e9miciens sortira vendredi. L\u2019huissier de justice n\u2019a pas encore foul\u00e9 le sol du studio que Jeanne est d\u00e9j\u00e0 en larmes. L\u2019aventure se poursuit pourtant pour elle et L\u00e9o, tandis que Lily et Th\u00e9o L. passent de partenaires \u00e0 adversaires. Ils n\u2019ont qu\u2019une chanson, \u00ab Bonjour, je me pr\u00e9sente \u00bb &#8211; \u00e9crite par Hoshi pour Enola lors de la saison 2022 &#8211; pour convaincre leurs camarades de les sauver.<\/p>\n","protected":false},"excerpt":{"rendered":"Par bin\u00f4me, v\u00eatus de paillettes argent\u00e9es, d\u2019imprim\u00e9s z\u00e8bre et de combinaison en jeans, les \u00e9l\u00e8ves de la nouvelle&hellip;\n","protected":false},"author":2,"featured_media":567708,"comment_status":"","ping_status":"","sticky":false,"template":"","format":"standard","meta":{"footnotes":""},"categories":[1888],"tags":[1111,1928,11,1927,872,1777,674,1011,27,12,1926,626,1925,25,2205],"class_list":{"0":"post-567707","1":"post","2":"type-post","3":"status-publish","4":"format-standard","5":"has-post-thumbnail","7":"category-paris","8":"tag-actu","9":"tag-actu-paris","10":"tag-actualites","11":"tag-actualites-paris","12":"tag-culture-et-loisirs","13":"tag-eu","14":"tag-europe","15":"tag-fr","16":"tag-france","17":"tag-news","18":"tag-news-paris","19":"tag-paris","20":"tag-paris-news","21":"tag-republique-francaise","22":"tag-television-medias"},"share_on_mastodon":{"url":"https:\/\/pubeurope.com\/@fr\/115635703363672010","error":""},"_links":{"self":[{"href":"https:\/\/www.europesays.com\/fr\/wp-json\/wp\/v2\/posts\/567707","targetHints":{"allow":["GET"]}}],"collection":[{"href":"https:\/\/www.europesays.com\/fr\/wp-json\/wp\/v2\/posts"}],"about":[{"href":"https:\/\/www.europesays.com\/fr\/wp-json\/wp\/v2\/types\/post"}],"author":[{"embeddable":true,"href":"https:\/\/www.europesays.com\/fr\/wp-json\/wp\/v2\/users\/2"}],"replies":[{"embeddable":true,"href":"https:\/\/www.europesays.com\/fr\/wp-json\/wp\/v2\/comments?post=567707"}],"version-history":[{"count":0,"href":"https:\/\/www.europesays.com\/fr\/wp-json\/wp\/v2\/posts\/567707\/revisions"}],"wp:featuredmedia":[{"embeddable":true,"href":"https:\/\/www.europesays.com\/fr\/wp-json\/wp\/v2\/media\/567708"}],"wp:attachment":[{"href":"https:\/\/www.europesays.com\/fr\/wp-json\/wp\/v2\/media?parent=567707"}],"wp:term":[{"taxonomy":"category","embeddable":true,"href":"https:\/\/www.europesays.com\/fr\/wp-json\/wp\/v2\/categories?post=567707"},{"taxonomy":"post_tag","embeddable":true,"href":"https:\/\/www.europesays.com\/fr\/wp-json\/wp\/v2\/tags?post=567707"}],"curies":[{"name":"wp","href":"https:\/\/api.w.org\/{rel}","templated":true}]}}