{"id":567709,"date":"2025-11-29T23:59:18","date_gmt":"2025-11-29T23:59:18","guid":{"rendered":"https:\/\/www.europesays.com\/fr\/567709\/"},"modified":"2025-11-29T23:59:18","modified_gmt":"2025-11-29T23:59:18","slug":"en-plein-doute-le-paris-fc-navance-plus","status":"publish","type":"post","link":"https:\/\/www.europesays.com\/fr\/567709\/","title":{"rendered":"en plein doute, le Paris FC n&rsquo;avance plus"},"content":{"rendered":"<p>\n    Il n\u2019y a pas eu de vainqueur ce samedi, lors de la 14e journ\u00e9e, entre le Paris FC et Auxerre (1-1). Un r\u00e9sultat qui n\u2019arrange aucune des deux \u00e9quipes&#8230;<\/p>\n<p class=\"fig-paragraph\">Le Paris FC, souhaitant se rassurer apr\u00e8s deux d\u00e9faites cons\u00e9cutives, n&rsquo;est pas parvenu \u00e0 faire mieux qu&rsquo;un match nul 1-1 face \u00e0 Auxerre, la lanterne rouge, samedi lors de la 14e journ\u00e9e de Ligue 1. Un r\u00e9sultat qui ne satisfait personne.<\/p>\n<p class=\"fig-paragraph\">Le match, entre deux \u00e9quipes cherchant \u00e0 se maintenir en Ligue 1, a commenc\u00e9 par une surprise. Annonc\u00e9 titulaire la veille par son entra\u00eeneur St\u00e9phane Gilli, Kevin Trapp, le gardien de but international allemand, arriv\u00e9 cette saison au PFC pour seconder le jeune Obed Nkambadio, \u00e9tait finalement rempla\u00e7ant au coup d&rsquo;envoi. L&rsquo;ancien portier du PSG a ressenti le matin de la rencontre une douleur contract\u00e9e apr\u00e8s un coup re\u00e7u contre Lille la semaine pass\u00e9e: une douleur trop forte pour qu&rsquo;il commence la rencontre, pas assez m\u00e9chante pour qu&rsquo;il ne soit pas sur la feuille de match, rempla\u00e7ant \u00e0 la place du v\u00e9t\u00e9ran R\u00e9my Riou, 38 ans et 3e gardien parisien.<\/p>\n<p>                                            <a class=\"fig-a11y-skip\" href=\"#fig-a11y-skip-main-inarticle\" data-module=\"a11y-skip\" data-context=\"was @visible\"><br \/>\n    Passer la publicit\u00e9<br \/>\n<\/a>            <\/p>\n<p class=\"fig-paragraph\">Avant le d\u00e9but du match, Trapp a bien aid\u00e9 l&rsquo;entra\u00eeneur des gardiens du club, Micka\u00ebl Boully \u00e0 \u00abchauffer\u00bb Nkambadio, propuls\u00e9 titulaire. Le choix initial de titulariser Trapp plus que Nkambadio, St\u00e9phane Gilli l&rsquo;a justifi\u00e9 par \u00abl&rsquo;exp\u00e9rience, peut-\u00eatre un peu plus de maturit\u00e9 par rapport \u00e0 la p\u00e9riode dans laquelle\u00bb est son \u00e9quipe, f\u00e9brile, restant sur deux d\u00e9faites face \u00e0 Rennes et Lille, avant de recevoir la lanterne rouge auxerroise. Plus grave encore, Paris qui souhaitait faire de Jean-Bouin, investi cette saison \u00e0 la place de Charl\u00e9ty, \u00abune forteresse\u00bb, n&rsquo;a remport\u00e9 qu&rsquo;un seul de ses cinq derniers matches \u00e0 domicile toutes comp\u00e9titions confondues (un nul, trois d\u00e9faites), alors qu&rsquo;il avait gagn\u00e9 les 10 pr\u00e9c\u00e9dents.<\/p>\n<p>                                            Nkambadio malheureux<\/p>\n<p class=\"fig-paragraph\">Priv\u00e9 en plus de trois \u00e9l\u00e9ments majeurs de son d\u00e9but de saison, son capitaine Maxime Lopez, son milieu Pierre Lees-Melou et son d\u00e9fenseur Samir Chergui, tous bless\u00e9s, c&rsquo;est naturellement tourment\u00e9 et timor\u00e9 que l&rsquo;ambitieux promu a d\u00e9but\u00e9 la partie. Et sans un coup de pouce de la VAR \u00e0 la demi-heure de jeu, revenue sur une main dans la surface de Cl\u00e9ment Akpa apr\u00e8s un centre de Thibault de Smet, permettant \u00e0 Ilan Kebbal d&rsquo;ouvrir le score et d&rsquo;inscrire son 6e but cette saison, le PFC aurait logiquement \u00e9t\u00e9 men\u00e9 \u00e0 la pause.<\/p>\n<p class=\"fig-paragraph\">Auxerre, dernier du championnat, qui restait sur une s\u00e9rie de huit matches sans victoire dont les 5 derniers sans m\u00eame parvenir \u00e0 marquer, s&rsquo;est montr\u00e9 l\u00e9g\u00e8rement plus dangereux que son h\u00f4te. Sur un coup franc, apr\u00e8s une faute \u00e9vitable d&rsquo;Otavio, les Auxerrois ont \u00e9galis\u00e9 gr\u00e2ce \u00e0 une t\u00eate de Sinaly Diomand\u00e9 (40e), bien aid\u00e9 par une sortie hasardeuse de Nkambadio, qui n&rsquo;a pas eu la main assez ferme pour repousser la t\u00eate pourtant faiblarde du d\u00e9fenseur ivoirien. Souhaitant certainement plus ne pas perdre que v\u00e9ritablement gagner, les deux \u00e9quipes, tr\u00e8s approximatives, se sont neutralis\u00e9es en seconde p\u00e9riode. Ce qui n&rsquo;arrange personne.<\/p>\n","protected":false},"excerpt":{"rendered":"Il n\u2019y a pas eu de vainqueur ce samedi, lors de la 14e journ\u00e9e, entre le Paris FC&hellip;\n","protected":false},"author":2,"featured_media":567710,"comment_status":"","ping_status":"","sticky":false,"template":"","format":"standard","meta":{"footnotes":""},"categories":[1888],"tags":[1111,1928,11,1927,525,1981,814,1777,674,2257,63,1011,27,3309,66,1307,955,12,1926,1176,978,626,1925,93,25,1980],"class_list":{"0":"post-567709","1":"post","2":"type-post","3":"status-publish","4":"format-standard","5":"has-post-thumbnail","7":"category-paris","8":"tag-actu","9":"tag-actu-paris","10":"tag-actualites","11":"tag-actualites-paris","12":"tag-calendrier","13":"tag-classement","14":"tag-direct","15":"tag-eu","16":"tag-europe","17":"tag-foot","18":"tag-football","19":"tag-fr","20":"tag-france","21":"tag-l1","22":"tag-ligue-1","23":"tag-lille","24":"tag-match","25":"tag-news","26":"tag-news-paris","27":"tag-olympique-de-marseille","28":"tag-olympique-lyonnais","29":"tag-paris","30":"tag-paris-news","31":"tag-psg","32":"tag-republique-francaise","33":"tag-resultats"},"share_on_mastodon":{"url":"https:\/\/pubeurope.com\/@fr\/115635707312537961","error":""},"_links":{"self":[{"href":"https:\/\/www.europesays.com\/fr\/wp-json\/wp\/v2\/posts\/567709","targetHints":{"allow":["GET"]}}],"collection":[{"href":"https:\/\/www.europesays.com\/fr\/wp-json\/wp\/v2\/posts"}],"about":[{"href":"https:\/\/www.europesays.com\/fr\/wp-json\/wp\/v2\/types\/post"}],"author":[{"embeddable":true,"href":"https:\/\/www.europesays.com\/fr\/wp-json\/wp\/v2\/users\/2"}],"replies":[{"embeddable":true,"href":"https:\/\/www.europesays.com\/fr\/wp-json\/wp\/v2\/comments?post=567709"}],"version-history":[{"count":0,"href":"https:\/\/www.europesays.com\/fr\/wp-json\/wp\/v2\/posts\/567709\/revisions"}],"wp:featuredmedia":[{"embeddable":true,"href":"https:\/\/www.europesays.com\/fr\/wp-json\/wp\/v2\/media\/567710"}],"wp:attachment":[{"href":"https:\/\/www.europesays.com\/fr\/wp-json\/wp\/v2\/media?parent=567709"}],"wp:term":[{"taxonomy":"category","embeddable":true,"href":"https:\/\/www.europesays.com\/fr\/wp-json\/wp\/v2\/categories?post=567709"},{"taxonomy":"post_tag","embeddable":true,"href":"https:\/\/www.europesays.com\/fr\/wp-json\/wp\/v2\/tags?post=567709"}],"curies":[{"name":"wp","href":"https:\/\/api.w.org\/{rel}","templated":true}]}}