{"id":567711,"date":"2025-11-30T00:00:28","date_gmt":"2025-11-30T00:00:28","guid":{"rendered":"https:\/\/www.europesays.com\/fr\/567711\/"},"modified":"2025-11-30T00:00:28","modified_gmt":"2025-11-30T00:00:28","slug":"la-nouvelle-adresse-du-chef-yazid-ichemrahen-a-paris-une-experience-gustative-de-haute-volee","status":"publish","type":"post","link":"https:\/\/www.europesays.com\/fr\/567711\/","title":{"rendered":"la nouvelle adresse du chef Yazid Ichemrahen \u00e0 Paris, une exp\u00e9rience gustative de haute vol\u00e9e"},"content":{"rendered":"<p><strong>Dans le 1er arrondissement de Paris, le chef Yazid Ichemrahen signe une adresse in\u00e9dite, intime et hautement d\u00e9sirable. \u00c0 la crois\u00e9e des chemins entre table d\u2019h\u00f4tes, p\u00e2tisserie de haute vol\u00e9e et salon contemporain, At Home promet une exp\u00e9rience immersive, sensible et r\u00e9solument chic.<\/strong><\/p>\n<p>Un concept hybride, entre gastronomie et \u00e9motion<\/p>\n<p><img loading=\"lazy\" decoding=\"async\" width=\"880\" height=\"587\" src=\"data:image\/svg+xml,%3Csvg%20xmlns=\" http:=\"\" alt=\"\" class=\"wp-image-198942\" data-lazy- data-lazy- data-lazy-src=\"https:\/\/www.europesays.com\/fr\/wp-content\/uploads\/2025\/11\/at-home-space1-880x587.jpg\"\/><\/p>\n<p>Derri\u00e8re une devanture discr\u00e8te, At Home d\u00e9ploie un espace con\u00e7u comme un appartement parisien r\u00eav\u00e9 : un <strong>Kitchen &amp; Bar<\/strong> ouvert sur la cr\u00e9ativit\u00e9 du chef, un <strong>Living Room<\/strong> cosy pour les instants gourmands, et une <strong>salle \u00e0 manger privative<\/strong> id\u00e9ale pour des \u00e9v\u00e9nements intimistes. L\u2019atmosph\u00e8re est douce, feutr\u00e9e, ponctu\u00e9e de d\u00e9tails soign\u00e9s de la vaisselle au mobilier,  dans une harmonie \u00e9l\u00e9gante et contemporaine. Chaque pi\u00e8ce du lieu refl\u00e8te la sensibilit\u00e9 du chef, son go\u00fbt du raffinement discret et de l\u2019art de vivre \u00e0 la fran\u00e7aise.<\/p>\n<p>Une carte d\u2019auteur, entre sucr\u00e9 et sal\u00e9<\/p>\n<p><img loading=\"lazy\" decoding=\"async\" width=\"880\" height=\"358\" src=\"data:image\/svg+xml,%3Csvg%20xmlns=\" http:=\"\" alt=\"\" class=\"wp-image-198944\" data-lazy- data-lazy- data-lazy-src=\"https:\/\/www.europesays.com\/fr\/wp-content\/uploads\/2025\/11\/PIZETTES_at_home_luxe_net-1024x416-1-880x358.webp.webp\"\/><\/p>\n<p>La carte \u00e9volue tout au long de la journ\u00e9e : au petit matin, viennoiseries au beurre d\u2019Isigny et caf\u00e9 de sp\u00e9cialit\u00e9 ; \u00e0 midi, une offre sal\u00e9e raffin\u00e9e inspir\u00e9e des voyages du chef \u2013 produits d\u2019exception, associations justes, textures travaill\u00e9es. L\u2019apr\u00e8s-midi, le <strong>tea time<\/strong> est un moment phare : p\u00e2tisseries signatures, infusions, madeleines marbr\u00e9es c\u0153ur chocolat, tout invite \u00e0 une pause douce, r\u00e9confortante et cr\u00e9ative. Le soir, l\u2019adresse devient plus festive : assiettes \u00e0 partager, cocktails maison, ambiance feutr\u00e9e\u2026 At Home se transforme alors en salon parisien de go\u00fbt, vivant et inspir\u00e9.<\/p>\n<p><img loading=\"lazy\" decoding=\"async\" width=\"1760\" height=\"990\" src=\"data:image\/svg+xml,%3Csvg%20xmlns=\" http:=\"\" alt=\"\" class=\"wp-image-198954\" data-lazy- data-lazy- data-lazy-src=\"https:\/\/www.europesays.com\/fr\/wp-content\/uploads\/2025\/11\/at-HOME-edited.png\"\/><\/p>\n<p>Un lieu personnel, comme un prolongement du chef<\/p>\n<p>Yazid Ichemrahen livre ici une part intime de son univers. Chaque d\u00e9tail raconte une \u00e9motion, un souvenir, une envie. At Home est bien plus qu\u2019un restaurant, c\u2019est une d\u00e9claration : celle d\u2019un chef audacieux, qui c\u00e9l\u00e8bre le go\u00fbt, l\u2019\u00e9motion et le lien humain dans un cadre pens\u00e9 pour le plaisir pur.<\/p>\n<p>Le parcours du chef Yazid Ichemrahen<\/p>\n<p><img loading=\"lazy\" decoding=\"async\" width=\"880\" height=\"607\" src=\"data:image\/svg+xml,%3Csvg%20xmlns=\" http:=\"\" alt=\"\" class=\"wp-image-198946\" data-lazy- data-lazy- data-lazy-src=\"https:\/\/www.europesays.com\/fr\/wp-content\/uploads\/2025\/11\/Capture-decran-2025-11-29-a-20.07.10-880x607.png\"\/><\/p>\n<p>R\u00e9v\u00e9l\u00e9 au grand public par son titre de <strong>Champion du monde des desserts glac\u00e9s<\/strong> en 2014, <strong>Yazid Ichemrahen<\/strong> incarne une nouvelle g\u00e9n\u00e9ration de chefs p\u00e2tissiers \u00e0 la fois exigeants, cr\u00e9atifs et profond\u00e9ment humains. Issu d\u2019un parcours atypique et d\u2019une enfance marqu\u00e9e par la r\u00e9silience, il fait de son histoire une force, cultivant une cuisine sinc\u00e8re, technique et \u00e9motionnelle. Pass\u00e9 par les plus grandes maisons, <strong>Pierre Herm\u00e9<\/strong>, <strong>Jo\u00ebl Robuchon<\/strong>, <strong>Thierry Marx<\/strong>;  il affirme aujourd\u2019hui un style personnel, raffin\u00e9 et engag\u00e9. \u00c0 travers <strong>At Home<\/strong>, il concr\u00e9tise un r\u00eave d\u2019ind\u00e9pendance : un lieu \u00e0 son image, entre <strong>audace et d\u00e9licatesse<\/strong>, o\u00f9 l\u2019on c\u00e9l\u00e8bre le go\u00fbt, l\u2019art de recevoir, et le plaisir de partager. Un projet pens\u00e9 comme une extension de lui-m\u00eame, dans lequel chaque cr\u00e9ation porte la trace d\u2019un chef passionn\u00e9, ma\u00eetre de ses \u00e9motions et de son art.<\/p>\n<p>Informations pratiques<\/p>\n<p>\ud83d\udccd <strong><a href=\"https:\/\/www.instagram.com\/yazid.ichemrahen\/\" target=\"_blank\" rel=\"noreferrer noopener\">AT HOME <\/a><\/strong> : 44 rue Croix-des-Petits-Champs, 75001 Paris<br \/>\ud83d\udcde <strong>R\u00e9servations<\/strong> : 01 81 70 15 65<br \/>\ud83d\udd70\ufe0f <strong>Horaires<\/strong> : Mardi et mercredi : 10h\u201321h \/ Jeudi au samedi : 10h\u201323h<br \/>\ud83c\udf70 <strong>Tea time<\/strong> : tous les jours de 15h \u00e0 18h<\/p>\n<p>Nos autres adresses select <a href=\"https:\/\/www.parisselectbook.com\/paris-par-quartier\/?quartier=paris-1\" target=\"_blank\" rel=\"noopener\">dans le 1 er <\/a><\/p>\n<p>                                <script async src=\"\/\/www.instagram.com\/embed.js\"><\/script><\/p>\n","protected":false},"excerpt":{"rendered":"Dans le 1er arrondissement de Paris, le chef Yazid Ichemrahen signe une adresse in\u00e9dite, intime et hautement d\u00e9sirable.&hellip;\n","protected":false},"author":2,"featured_media":567712,"comment_status":"","ping_status":"","sticky":false,"template":"","format":"standard","meta":{"footnotes":""},"categories":[1888],"tags":[11,30992,1777,674,1011,27,2425,12,626,25,1340],"class_list":{"0":"post-567711","1":"post","2":"type-post","3":"status-publish","4":"format-standard","5":"has-post-thumbnail","7":"category-paris","8":"tag-actualites","9":"tag-adresse","10":"tag-eu","11":"tag-europe","12":"tag-fr","13":"tag-france","14":"tag-luxe","15":"tag-news","16":"tag-paris","17":"tag-republique-francaise","18":"tag-restaurant"},"share_on_mastodon":{"url":"https:\/\/pubeurope.com\/@fr\/115635711040816493","error":""},"_links":{"self":[{"href":"https:\/\/www.europesays.com\/fr\/wp-json\/wp\/v2\/posts\/567711","targetHints":{"allow":["GET"]}}],"collection":[{"href":"https:\/\/www.europesays.com\/fr\/wp-json\/wp\/v2\/posts"}],"about":[{"href":"https:\/\/www.europesays.com\/fr\/wp-json\/wp\/v2\/types\/post"}],"author":[{"embeddable":true,"href":"https:\/\/www.europesays.com\/fr\/wp-json\/wp\/v2\/users\/2"}],"replies":[{"embeddable":true,"href":"https:\/\/www.europesays.com\/fr\/wp-json\/wp\/v2\/comments?post=567711"}],"version-history":[{"count":0,"href":"https:\/\/www.europesays.com\/fr\/wp-json\/wp\/v2\/posts\/567711\/revisions"}],"wp:featuredmedia":[{"embeddable":true,"href":"https:\/\/www.europesays.com\/fr\/wp-json\/wp\/v2\/media\/567712"}],"wp:attachment":[{"href":"https:\/\/www.europesays.com\/fr\/wp-json\/wp\/v2\/media?parent=567711"}],"wp:term":[{"taxonomy":"category","embeddable":true,"href":"https:\/\/www.europesays.com\/fr\/wp-json\/wp\/v2\/categories?post=567711"},{"taxonomy":"post_tag","embeddable":true,"href":"https:\/\/www.europesays.com\/fr\/wp-json\/wp\/v2\/tags?post=567711"}],"curies":[{"name":"wp","href":"https:\/\/api.w.org\/{rel}","templated":true}]}}