{"id":567713,"date":"2025-11-30T00:02:12","date_gmt":"2025-11-30T00:02:12","guid":{"rendered":"https:\/\/www.europesays.com\/fr\/567713\/"},"modified":"2025-11-30T00:02:12","modified_gmt":"2025-11-30T00:02:12","slug":"on-na-jamais-vu-ca-vald-sort-un-nouvel-album-surprise-a-la-fin-de-son-concert-a-paris-la-defense-arena","status":"publish","type":"post","link":"https:\/\/www.europesays.com\/fr\/567713\/","title":{"rendered":"\u00ab\u00a0On n\u2019a jamais vu \u00e7a\u00a0\u00bb\u00a0: Vald sort un nouvel album surprise \u00e0 la fin de son concert \u00e0 Paris La D\u00e9fense Arena"},"content":{"rendered":"<p class=\"paragraph text_align_left lp-f-body-02\">Dans les gradins, des fans mangent des pop-corn, comme au match ou au cin\u00e9ma. Et \u00e0 21 heures pile, le film commence. Sur les immenses \u00e9crans modulables au-dessus de la fosse d\u00e9marre un clip entre jeu vid\u00e9o et film d\u2019horreur. \u00ab Vous vous \u00eates perdus, annonce une voix off diabolique. Vous p\u00e9n\u00e9trez dans mon royaume. Vous n\u2019\u00eates pas pr\u00eats. \u00bb Ambiance fin du monde dans la lign\u00e9e de \u00ab Pandemonium \u00bb. Vald appara\u00eet sur l\u2019\u00e9cran avec son backeur et meilleur pote, Suikon Blaz Ad. Ce dernier est au volant. Ils parlent projet, rigolent\u2026<\/p>\n","protected":false},"excerpt":{"rendered":"Dans les gradins, des fans mangent des pop-corn, comme au match ou au cin\u00e9ma. Et \u00e0 21 heures&hellip;\n","protected":false},"author":2,"featured_media":567714,"comment_status":"","ping_status":"","sticky":false,"template":"","format":"standard","meta":{"footnotes":""},"categories":[1888],"tags":[11,872,1777,674,1011,27,873,12,626,25],"class_list":{"0":"post-567713","1":"post","2":"type-post","3":"status-publish","4":"format-standard","5":"has-post-thumbnail","7":"category-paris","8":"tag-actualites","9":"tag-culture-et-loisirs","10":"tag-eu","11":"tag-europe","12":"tag-fr","13":"tag-france","14":"tag-musique","15":"tag-news","16":"tag-paris","17":"tag-republique-francaise"},"share_on_mastodon":{"url":"https:\/\/pubeurope.com\/@fr\/115635719085568558","error":""},"_links":{"self":[{"href":"https:\/\/www.europesays.com\/fr\/wp-json\/wp\/v2\/posts\/567713","targetHints":{"allow":["GET"]}}],"collection":[{"href":"https:\/\/www.europesays.com\/fr\/wp-json\/wp\/v2\/posts"}],"about":[{"href":"https:\/\/www.europesays.com\/fr\/wp-json\/wp\/v2\/types\/post"}],"author":[{"embeddable":true,"href":"https:\/\/www.europesays.com\/fr\/wp-json\/wp\/v2\/users\/2"}],"replies":[{"embeddable":true,"href":"https:\/\/www.europesays.com\/fr\/wp-json\/wp\/v2\/comments?post=567713"}],"version-history":[{"count":0,"href":"https:\/\/www.europesays.com\/fr\/wp-json\/wp\/v2\/posts\/567713\/revisions"}],"wp:featuredmedia":[{"embeddable":true,"href":"https:\/\/www.europesays.com\/fr\/wp-json\/wp\/v2\/media\/567714"}],"wp:attachment":[{"href":"https:\/\/www.europesays.com\/fr\/wp-json\/wp\/v2\/media?parent=567713"}],"wp:term":[{"taxonomy":"category","embeddable":true,"href":"https:\/\/www.europesays.com\/fr\/wp-json\/wp\/v2\/categories?post=567713"},{"taxonomy":"post_tag","embeddable":true,"href":"https:\/\/www.europesays.com\/fr\/wp-json\/wp\/v2\/tags?post=567713"}],"curies":[{"name":"wp","href":"https:\/\/api.w.org\/{rel}","templated":true}]}}