{"id":567722,"date":"2025-11-30T00:08:27","date_gmt":"2025-11-30T00:08:27","guid":{"rendered":"https:\/\/www.europesays.com\/fr\/567722\/"},"modified":"2025-11-30T00:08:27","modified_gmt":"2025-11-30T00:08:27","slug":"le-havre-dezingue-pour-donnum-toulouse-prospecte-en-allemagne","status":"publish","type":"post","link":"https:\/\/www.europesays.com\/fr\/567722\/","title":{"rendered":"Le Havre d\u00e9zingu\u00e9 pour D\u00f6nnum, Toulouse prospecte en Allemagne"},"content":{"rendered":"<p>Aron D\u00f6nnum a \u00e9t\u00e9 suspendu deux matchs par la commission de discipline de la LFP pour un geste envers Simon Ebonog lors du match Toulouse-Havre du 2 novembre. La commission a estim\u00e9 que son comportement, bien qu\u2019il n\u2019ait pas \u00e9t\u00e9 jug\u00e9 discriminatoire ou raciste, \u00e9tait \u00ab blessant \u00bb, ce qui justifie la suspension en vertu de l\u2019article 5 du r\u00e8glement disciplinaire.<\/p>\n<p>Apr\u00e8s une heure d&rsquo;audition, la commission a confirm\u00e9 la suspension de deux matchs, sans appliquer la peine plus lourde pr\u00e9vue pour un comportement discriminatoire, qui aurait pu entra\u00eener jusqu\u2019\u00e0 dix matchs de suspension. S\u00e9bastien Deneux, responsable de la commission, a soulign\u00e9 que, bien que le geste ne soit pas discriminatoire, il n&rsquo;a pas sa place sur un terrain de football professionnel.<\/p>\n<p>\u00c0 lire aussiLe Havre d\u00e9zingu\u00e9 par Toulouse<\/p>\n<p>Un soulagement du c\u00f4t\u00e9 du TFC, qui l&rsquo;a n\u00e9anmoins toujours en travers de la gorge vis-\u00e0-vis du HAC : \u00ab\u00a0Depuis le d\u00e9but on est convaincus, on r\u00e9p\u00e8te, qu\u2019il n\u2019y avait pas de notion raciste derri\u00e8re le geste d\u2019Aron\u00a0\u00bb a pest\u00e9 Olivier Cloarec dans <a href=\"https:\/\/www.ladepeche.fr\/2025\/11\/27\/aron-donnum-suspendu-2-matchs-convaincu-que-son-geste-netait-pas-raciste-la-premiere-reaction-dolivier-cloarec-president-du-tfc-13076354.php\" rel=\"nofollow noopener\" target=\"_blank\">La D\u00e9p\u00eache du Midi<\/a>, lui qui a regrett\u00e9 tout ce \u00ab\u00a0tapage m\u00e9diatique\u00a0\u00bb suite \u00e0 la communication havraise tandis que Didier Digard, qu&rsquo;il avait crois\u00e9 apr\u00e8s le match, ne lui avait \u00ab\u00a0absolument rien dit\u00a0\u00bb.<\/p>\n<p>\u00ab\u00a0Les trois personnes ayant mis en avant la connotation potentiellement raciste du geste d\u2019Aron (\u2026) n\u2019\u00e9taient pr\u00e9sentes ni physiquement ni en visio lors de l\u2019audience\u00a0\u00bb a-t-il aussi d\u00e9plor\u00e9. La prochaine rencontre entre les deux \u00e9quipes, qui est pr\u00e9vu \u00e0 la mi-f\u00e9vrier, s&rsquo;annonce d&rsquo;ores-et-d\u00e9j\u00e0 bouillante. En attendant, c\u00f4t\u00e9 toulousain, on parle aussi Mercato.<\/p>\n<p>Qui cible Berkay Yilmaz<\/p>\n<p>En effet, selon les informations de <a href=\"http:\/\/sportbild.de\" rel=\"nofollow noopener\" target=\"_blank\">Bild<\/a>, le TFC aurait des vues sur Berkay Yilmaz en vue de l&rsquo;\u00e9t\u00e9 prochain. Initialement pr\u00eat\u00e9 par Fribourg \u00e0 Nuremberg, il n&rsquo;entrerait pas dans les plans du pensionnaire de Bundesliga pour la prochaine saison. Valoris\u00e9 \u00e0 2,5 millions d&rsquo;euros par Transfermarkt, il serait aussi dans les petits papiers des Glasgow Rangers.<\/p>\n<p>Auteur d&rsquo;excellentes prestations, il pourrait donc \u00eatre une bonne opportunit\u00e9 pour le T\u00e9f\u00e9c\u00e9. \u00c2g\u00e9 de seulement 20 ans, l&rsquo;arri\u00e8re gauche germano-turc est sous contrat jusqu&rsquo;en 2028 avec Fribourg. Reste \u00e0 savoir si Toulouse r\u00e9ussira \u00e0 empocher la mise. Affaire \u00e0 suivre.<\/p>\n<p>\u00a0<\/p>\n<p>\u00a0<\/p>\n<p>\u00a0<\/p>\n<p>   Partagez cette info avec vos amis et vos proches en cliquant ici<br \/> Pour r\u00e9sumer<\/p>\n<p>Aron D\u00f6nnum a \u00e9t\u00e9 suspendu deux matchs pour un geste envers Simon Ebonog lors de Toulouse-Havre (2 nov.). La commission de discipline a jug\u00e9 son comportement \u00ab\u00a0blessant\u00a0\u00bb, mais non discriminatoire. Le TFC, soulag\u00e9, a d\u00e9plor\u00e9 l&rsquo;absence des dirigeants havrais lors de l&rsquo;audition.<\/p>\n<p>R\u00e9dacteur<\/p>\n<p><img decoding=\"async\" width=\"76\" height=\"76\" loading=\"lazy\" src=\"https:\/\/www.europesays.com\/fr\/wp-content\/uploads\/2025\/04\/avatar-onze.webp.webp\" alt=\"Nathan Bricout\"\/><\/p>\n","protected":false},"excerpt":{"rendered":"Aron D\u00f6nnum a \u00e9t\u00e9 suspendu deux matchs par la commission de discipline de la LFP pour un geste&hellip;\n","protected":false},"author":2,"featured_media":567723,"comment_status":"","ping_status":"","sticky":false,"template":"","format":"standard","meta":{"footnotes":""},"categories":[1587],"tags":[11,672,1804,1805,1803,1777,674,1801,66,12,1802],"class_list":{"0":"post-567722","1":"post","2":"type-post","3":"status-publish","4":"format-standard","5":"has-post-thumbnail","7":"category-allemagne","8":"tag-actualites","9":"tag-allemagne","10":"tag-bundesrepublik-deutschland","11":"tag-de","12":"tag-deutschland","13":"tag-eu","14":"tag-europe","15":"tag-germany","16":"tag-ligue-1","17":"tag-news","18":"tag-republique-federale-dallemagne"},"share_on_mastodon":{"url":"https:\/\/pubeurope.com\/@fr\/115635743811160493","error":""},"_links":{"self":[{"href":"https:\/\/www.europesays.com\/fr\/wp-json\/wp\/v2\/posts\/567722","targetHints":{"allow":["GET"]}}],"collection":[{"href":"https:\/\/www.europesays.com\/fr\/wp-json\/wp\/v2\/posts"}],"about":[{"href":"https:\/\/www.europesays.com\/fr\/wp-json\/wp\/v2\/types\/post"}],"author":[{"embeddable":true,"href":"https:\/\/www.europesays.com\/fr\/wp-json\/wp\/v2\/users\/2"}],"replies":[{"embeddable":true,"href":"https:\/\/www.europesays.com\/fr\/wp-json\/wp\/v2\/comments?post=567722"}],"version-history":[{"count":0,"href":"https:\/\/www.europesays.com\/fr\/wp-json\/wp\/v2\/posts\/567722\/revisions"}],"wp:featuredmedia":[{"embeddable":true,"href":"https:\/\/www.europesays.com\/fr\/wp-json\/wp\/v2\/media\/567723"}],"wp:attachment":[{"href":"https:\/\/www.europesays.com\/fr\/wp-json\/wp\/v2\/media?parent=567722"}],"wp:term":[{"taxonomy":"category","embeddable":true,"href":"https:\/\/www.europesays.com\/fr\/wp-json\/wp\/v2\/categories?post=567722"},{"taxonomy":"post_tag","embeddable":true,"href":"https:\/\/www.europesays.com\/fr\/wp-json\/wp\/v2\/tags?post=567722"}],"curies":[{"name":"wp","href":"https:\/\/api.w.org\/{rel}","templated":true}]}}