{"id":567726,"date":"2025-11-30T00:10:21","date_gmt":"2025-11-30T00:10:21","guid":{"rendered":"https:\/\/www.europesays.com\/fr\/567726\/"},"modified":"2025-11-30T00:10:21","modified_gmt":"2025-11-30T00:10:21","slug":"%f0%9f%8e%99%ef%b8%8f14j-l1-zaire-emery-il-y-a-eu-beaucoup-de-dechets","status":"publish","type":"post","link":"https:\/\/www.europesays.com\/fr\/567726\/","title":{"rendered":"\ud83c\udf99\ufe0f[14J-L1] Za\u00efre-Emery : \u00ab\u00a0Il y a eu beaucoup de d\u00e9chets\u00a0\u00bb"},"content":{"rendered":"<p class=\"date\">\n\t\t\t\t\t\t\t\tPubli\u00e9 le 29 novembre 2025\t\t\t\t\t\t\t\t<\/p>\n<p>\t\t\t\t\t\t\t\t\t\t\t\t\t\t\t\t\t<img decoding=\"async\" class=\"img-responsive img-thumbnail\" src=\"https:\/\/www.europesays.com\/fr\/wp-content\/uploads\/2025\/11\/Breaking-News-2025-11-29T233629.741-1024x576.png\" alt=\"\"\/><\/p>\n<p>En zone mixte, <strong>Warren Zaire-Emery<\/strong> a aussi tent\u00e9 d\u2019expliquer la d\u00e9faite du PSG contre l\u2019AS Monaco ce samedi lors de la 14e journ\u00e9e de Ligue 1 (0-1).<\/p>\n<p>Le Titi d\u2019Or 2022 a \u00e9num\u00e9r\u00e9 les m\u00eames carences \u00e9voqu\u00e9es par Lucas Chevalier et Luis Enrique dans leurs r\u00e9actions d\u2019apr\u00e8s-match.<\/p>\n<p>\u00ab\u202f\u00c7a a \u00e9t\u00e9 un match difficile face \u00e0 une bonne \u00e9quipe de Monaco, qui est venue nous chercher haut, qui a press\u00e9 et qui a mis beaucoup d\u2019intensit\u00e9. C\u2019est une \u00e9quipe qui est forte physiquement, qui gagne ses duels. C\u2019est assez dur de parler \u00e0 chaud, mais je pense que de par le pressing qu\u2019ils ont mis, les br\u00e8ches \u00e9taient dans leur dos.<\/p>\n<p>Aujourd\u2019hui on a manqu\u00e9 un peu de profondeur et de pr\u00e9cision dans nos passes, il y a eu beaucoup de d\u00e9chets. Il faut passer \u00e0 autre chose, regarder vers l\u2019avant et aller chercher les trois points lors du prochain match parce que c\u2019est important. On va d\u2019abord bien se reposer, se lib\u00e9rer la t\u00eate et pr\u00e9parer la semaine.\u202f\u00bb<\/p>\n<p>\u00ab\u00a0Que dit le coach sur la fatigue qui p\u00e8se ? Franchement, il ne nous dit rien, juste de continuer. Les deux \u00e9quipes jouent tous les trois jours donc il n\u2019y a pas d\u2019excuse \u00e0 avoir sur l\u2019intensit\u00e9.\u00a0\u00bb<\/p>\n<p>\u00ab\u00a0Maintenant, c\u2019est vrai qu\u2019il y a l\u2019encha\u00eenement des matches, on ressent la fatigue mais ce n\u2019est pas une excuse. On doit continuer, faire les courses dans la profondeur parce qu\u2019aujourd\u2019hui ils ont jou\u00e9 tr\u00e8s haut.\u00a0\u00bb<\/p>\n<p>\u00ab\u00a0C\u2019\u00e9tait peut-\u00eatre ce qu\u2019il fallait faire le plus. On va voir en vid\u00e9o ce qu\u2019il y a de mieux \u00e0 faire et travailler pour gagner les prochains matches.\u00a0\u00bb<\/p>\n<blockquote class=\"twitter-tweet\">\n<p lang=\"fr\" dir=\"ltr\">Les r\u00e9actions de Luis Enrique et Warren Za\u00efre-Emery. \ud83d\udcac<a href=\"https:\/\/twitter.com\/hashtag\/ASMPSG?src=hash&amp;ref_src=twsrc%5Etfw\" target=\"_blank\" rel=\"noopener\">#ASMPSG<\/a> I <a href=\"https:\/\/twitter.com\/hashtag\/Ligue1?src=hash&amp;ref_src=twsrc%5Etfw\" target=\"_blank\" rel=\"noopener\">#Ligue1<\/a> <a href=\"https:\/\/t.co\/prWpssHCtE\">pic.twitter.com\/prWpssHCtE<\/a><\/p>\n<p>\u2014 Paris Saint-Germain (@PSG_inside) <a href=\"https:\/\/twitter.com\/PSG_inside\/status\/1994850700732604890?ref_src=twsrc%5Etfw\" target=\"_blank\" rel=\"noopener\">November 29, 2025<\/a><\/p><\/blockquote>\n<blockquote class=\"twitter-tweet\">\n<p lang=\"fr\" dir=\"ltr\">[\ud83d\udcfaLIVE] \u26bd\ufe0f <a href=\"https:\/\/twitter.com\/hashtag\/Ligue1McDonalds?src=hash&amp;ref_src=twsrc%5Etfw\" target=\"_blank\" rel=\"noopener\">#Ligue1McDonalds<\/a> <a href=\"https:\/\/twitter.com\/hashtag\/ASMPSG?src=hash&amp;ref_src=twsrc%5Etfw\" target=\"_blank\" rel=\"noopener\">#ASMPSG<\/a> <br \/>\u26a1 \u00ab\u00a0Il faut apprendre \u00e0 ne pas perdre !\u00a0\u00bb<br \/>\ud83c\uddeb\ud83c\uddf7 Warren Za\u00efre-Emery r\u00e9agit \u00e0 la d\u00e9faite du Paris Saint-Germain \u00e0 Monaco ! <a href=\"https:\/\/t.co\/YhGGTXg0Un\">pic.twitter.com\/YhGGTXg0Un<\/a><\/p>\n<p>\u2014 beIN SPORTS (@beinsports_FR) <a href=\"https:\/\/twitter.com\/beinsports_FR\/status\/1994831780998730081?ref_src=twsrc%5Etfw\" target=\"_blank\" rel=\"noopener\">November 29, 2025<\/a><\/p><\/blockquote>\n<p class=\"content-etiquette\">\n\t\t\t\t\t\t\t\t\t<a href=\"https:\/\/www.lestitisdupsg.fr\/tag\/monaco-psg-l1\/\" rel=\"tag noopener\" target=\"_blank\">monaco psg L1<\/a><a href=\"https:\/\/www.lestitisdupsg.fr\/tag\/warren-zaire-emery-3\/\" rel=\"tag noopener\" target=\"_blank\">warren za\u00efre-emery<\/a>\t\t\t\t\t\t\t\t<\/p>\n<p>\t\t\t\t\t\t\t<script async src=\"https:\/\/platform.twitter.com\/widgets.js\" charset=\"utf-8\"><\/script><\/p>\n","protected":false},"excerpt":{"rendered":"Publi\u00e9 le 29 novembre 2025 En zone mixte, Warren Zaire-Emery a aussi tent\u00e9 d\u2019expliquer la d\u00e9faite du PSG&hellip;\n","protected":false},"author":2,"featured_media":567727,"comment_status":"","ping_status":"","sticky":false,"template":"","format":"standard","meta":{"footnotes":""},"categories":[1586],"tags":[11,1777,674,1779,1011,27,12,25,1778,364],"class_list":{"0":"post-567726","1":"post","2":"type-post","3":"status-publish","4":"format-standard","5":"has-post-thumbnail","7":"category-europe","8":"tag-actualites","9":"tag-eu","10":"tag-europe","11":"tag-european-union","12":"tag-fr","13":"tag-france","14":"tag-news","15":"tag-republique-francaise","16":"tag-ue","17":"tag-union-europeenne"},"share_on_mastodon":{"url":"https:\/\/pubeurope.com\/@fr\/115635751646955023","error":""},"_links":{"self":[{"href":"https:\/\/www.europesays.com\/fr\/wp-json\/wp\/v2\/posts\/567726","targetHints":{"allow":["GET"]}}],"collection":[{"href":"https:\/\/www.europesays.com\/fr\/wp-json\/wp\/v2\/posts"}],"about":[{"href":"https:\/\/www.europesays.com\/fr\/wp-json\/wp\/v2\/types\/post"}],"author":[{"embeddable":true,"href":"https:\/\/www.europesays.com\/fr\/wp-json\/wp\/v2\/users\/2"}],"replies":[{"embeddable":true,"href":"https:\/\/www.europesays.com\/fr\/wp-json\/wp\/v2\/comments?post=567726"}],"version-history":[{"count":0,"href":"https:\/\/www.europesays.com\/fr\/wp-json\/wp\/v2\/posts\/567726\/revisions"}],"wp:featuredmedia":[{"embeddable":true,"href":"https:\/\/www.europesays.com\/fr\/wp-json\/wp\/v2\/media\/567727"}],"wp:attachment":[{"href":"https:\/\/www.europesays.com\/fr\/wp-json\/wp\/v2\/media?parent=567726"}],"wp:term":[{"taxonomy":"category","embeddable":true,"href":"https:\/\/www.europesays.com\/fr\/wp-json\/wp\/v2\/categories?post=567726"},{"taxonomy":"post_tag","embeddable":true,"href":"https:\/\/www.europesays.com\/fr\/wp-json\/wp\/v2\/tags?post=567726"}],"curies":[{"name":"wp","href":"https:\/\/api.w.org\/{rel}","templated":true}]}}