{"id":567738,"date":"2025-11-30T00:17:21","date_gmt":"2025-11-30T00:17:21","guid":{"rendered":"https:\/\/www.europesays.com\/fr\/567738\/"},"modified":"2025-11-30T00:17:21","modified_gmt":"2025-11-30T00:17:21","slug":"atp-nadal-jen-ai-parle-avec-federer-et-il-naimait-pas-trop-ca","status":"publish","type":"post","link":"https:\/\/www.europesays.com\/fr\/567738\/","title":{"rendered":"ATP > Nadal : \u00ab\u00a0J&rsquo;en ai parl\u00e9 avec Federer et il n&rsquo;aimait pas trop \u00e7a\u00a0\u00bb"},"content":{"rendered":"<p>Lors de sa grande inter\u00adview sur la cha\u00eene de t\u00e9l\u00e9\u00advi\u00adsion Movistar+, dont les propos sont relay\u00e9s par <a href=\"https:\/\/www.puntodebreak.com\/2025\/11\/24\/nadal-lleve-carrera-limite-intente-apurar-opciones-no-habia\" data-wpel-link=\"external\" target=\"_blank\" rel=\"nofollow external noopener\">Punto de Break<\/a>, Rafael Nadal a donn\u00e9 son avis sur l\u2019\u00e9vo\u00adlu\u00adtion du jeu et l\u2019uti\u00adli\u00adsa\u00adtion des statistiques.\u00a0<\/p>\n<p><strong>\u00ab\u202fJe ne pense pas que cela ait beau\u00adcoup chang\u00e9. Le monde \u00e9volue et la fa\u00e7on de jouer est un peu diff\u00e9\u00adrente. On frappe plus fort, on sert plus fort. Je continue \u00e0 croire en l\u2019in\u00adtui\u00adtion, je ne jouais pas comme un robot en essayant de deviner en fonc\u00adtion des statis\u00adtiques. C\u2019est quelque chose dont j\u2019ai parl\u00e9 avec Federer et il n\u2019ai\u00admait pas avoir trop d\u2019in\u00adfor\u00adma\u00adtions avant les matchs.\u202f\u00bb<\/strong><\/p>\n<p class=\"post-published-date\" style=\"color: silver; font-size: 75%; text-align: left;\">Publi\u00e9 le jeudi 27 novembre 2025 \u00e0 08:44<\/p>\n","protected":false},"excerpt":{"rendered":"Lors de sa grande inter\u00adview sur la cha\u00eene de t\u00e9l\u00e9\u00advi\u00adsion Movistar+, dont les propos sont relay\u00e9s par Punto&hellip;\n","protected":false},"author":2,"featured_media":567739,"comment_status":"","ping_status":"","sticky":false,"template":"","format":"standard","meta":{"footnotes":""},"categories":[1415],"tags":[2199,1011,27,1960,60,1467],"class_list":{"0":"post-567738","1":"post","2":"type-post","3":"status-publish","4":"format-standard","5":"has-post-thumbnail","7":"category-tennis","8":"tag-federer","9":"tag-fr","10":"tag-france","11":"tag-nadal","12":"tag-sports","13":"tag-tennis"},"share_on_mastodon":{"url":"https:\/\/pubeurope.com\/@fr\/115635777868893881","error":""},"_links":{"self":[{"href":"https:\/\/www.europesays.com\/fr\/wp-json\/wp\/v2\/posts\/567738","targetHints":{"allow":["GET"]}}],"collection":[{"href":"https:\/\/www.europesays.com\/fr\/wp-json\/wp\/v2\/posts"}],"about":[{"href":"https:\/\/www.europesays.com\/fr\/wp-json\/wp\/v2\/types\/post"}],"author":[{"embeddable":true,"href":"https:\/\/www.europesays.com\/fr\/wp-json\/wp\/v2\/users\/2"}],"replies":[{"embeddable":true,"href":"https:\/\/www.europesays.com\/fr\/wp-json\/wp\/v2\/comments?post=567738"}],"version-history":[{"count":0,"href":"https:\/\/www.europesays.com\/fr\/wp-json\/wp\/v2\/posts\/567738\/revisions"}],"wp:featuredmedia":[{"embeddable":true,"href":"https:\/\/www.europesays.com\/fr\/wp-json\/wp\/v2\/media\/567739"}],"wp:attachment":[{"href":"https:\/\/www.europesays.com\/fr\/wp-json\/wp\/v2\/media?parent=567738"}],"wp:term":[{"taxonomy":"category","embeddable":true,"href":"https:\/\/www.europesays.com\/fr\/wp-json\/wp\/v2\/categories?post=567738"},{"taxonomy":"post_tag","embeddable":true,"href":"https:\/\/www.europesays.com\/fr\/wp-json\/wp\/v2\/tags?post=567738"}],"curies":[{"name":"wp","href":"https:\/\/api.w.org\/{rel}","templated":true}]}}