{"id":567740,"date":"2025-11-30T00:21:12","date_gmt":"2025-11-30T00:21:12","guid":{"rendered":"https:\/\/www.europesays.com\/fr\/567740\/"},"modified":"2025-11-30T00:21:12","modified_gmt":"2025-11-30T00:21:12","slug":"liguge-29-novembre-2025-classement-de-cyclo-cross-velopressecollection","status":"publish","type":"post","link":"https:\/\/www.europesays.com\/fr\/567740\/","title":{"rendered":"Ligug\u00e9 29 novembre 2025 classement de cyclo-cross &#8211; Velopressecollection"},"content":{"rendered":"<ol>\n<li><a href=\"https:\/\/news.google.com\/rss\/articles\/CBMiyAFBVV95cUxQZktSUENHWVpPelJGRjVfYmo3cUNKM2FTVnZzLUdZa2U1OV83TG5HekZOWkFNaTRYWklHZ3ZvcndWd09neUxZQ2puNnUzdEM5a1hBYUJ2Zm9CZVNJTFJBbmpJUWdlRWtlbEMydjA2VGNQRHBCWWhtUGhvbVVtLTVXRVRHN3EtVWticzBLX1pYX3dxQVZXYzBIMjZOYU9RTUVGVTRhN0pGeVl2MU9ueXRsd3dadFpkYlBXS2t3c21ZUzFReFAyOHAzVw?oc=5\" target=\"_blank\" rel=\"noopener\">Ligug\u00e9 29 novembre 2025 classement de cyclo-cross<\/a>&nbsp;&nbsp;Velopressecollection<\/li>\n<li><a href=\"https:\/\/news.google.com\/rss\/articles\/CBMi7AFBVV95cUxORTdWSXk1MWFiV0lVQWZSMWZLempLbEtnNFlLMzJVbDROakVmaHo5czA5dkR6ZkhlNGRHWFdMNHZBb2FyR2t4N2ZvYzdaQl9Sem1lT01heU5WVU02dWhCX3FJTGVZM1Rrd0cyWDZOZHE2SVRyNmRmd0NxQ0JCSmVxTG1YdWI5UHVnSmtmTF9FYzNYWjBGbzhad3QzZ1FYRkRRNVhGeXB1NUdTNUdOQUJPaV9iWFVlSzVGYXJxeDJpVGFiTGFBNFlxRmd1TzByUzltWkNUTXpIR2xFeHlSTEFLSk1QUktVV0k1dFAtQQ?oc=5\" target=\"_blank\" rel=\"noopener\">Cyclo-cross : \u00e0 Ligug\u00e9, \u00c9milien Deborde a honor\u00e9 son nouveau maillot de champion de Vienne<\/a>&nbsp;&nbsp;lanouvellerepublique.fr<\/li>\n<li><a href=\"https:\/\/news.google.com\/rss\/articles\/CBMigwFBVV95cUxNVU5mM25WQ1NVUDliTmMwYkR6UkRUd1dEeW1qNjBuV1FMQjlTcmdlZ0hwSFRfcUlHNEVoU0lwR0oyWTFWb1AtN2JBOTgydWNkLTFlWkdtM2RLc0ZmSVNlU095XzNVeXBFZjN2a2FESHdCd3pMdTkwZ21TUVp0Z0tlRkxobw?oc=5\" target=\"_blank\" rel=\"noopener\">Cyclo-cross de Ligug\u00e9 : Classements<\/a>&nbsp;&nbsp;DirectVelo<\/li>\n<li><a href=\"https:\/\/news.google.com\/rss\/articles\/CBMigwFBVV95cUxPYjRtUXIxNHQ2RHdHcW05N3hiV1dFMW5PSzJyemdxblJSMmprQmJXdi1kUEtQVnNXaVZQcVowb3lCYlF6R1FvM0w0YW9HX2VrU3hhb3FKc2w3NDNDR2g2VDZCb0hyNURMZkEyQmNpWXBvcXNqMWhYVVM4US1zN1JZbWxzdw?oc=5\" target=\"_blank\" rel=\"noopener\">R\u00e9sultats du cyclo-cross de Ligug\u00e9<\/a>&nbsp;&nbsp;Sud Gironde \u2013 CYCLISME<\/li>\n<li><a href=\"https:\/\/news.google.com\/rss\/articles\/CBMirwFBVV95cUxPdkotTEtjWDVfYS1nR243eWVabWlTazR5QmYtMU8zWUgwQVRFUDlQVVNENDFqZnhxT2hvel9oa2xKUVZFdzduZ1NFY0JoR2JmMmRHdkFXNS1iSGNYWWtZNkxwY1BKN1NWcVYxMEZvZ09NcGNIWmFBM1R3aEstakJkV0psYy1MS0xKaUxCMDNRWk1oOGpqM01YT3M5bDJWMHNEX201cy1IbHhHMGxXckVz?oc=5\" target=\"_blank\" rel=\"noopener\">Cyclo-cross : Ligug\u00e9 pour cl\u00f4turer novembre<\/a>&nbsp;&nbsp;lanouvellerepublique.fr<\/li>\n<\/ol>\n","protected":false},"excerpt":{"rendered":"Ligug\u00e9 29 novembre 2025 classement de cyclo-cross&nbsp;&nbsp;Velopressecollection Cyclo-cross : \u00e0 Ligug\u00e9, \u00c9milien Deborde a honor\u00e9 son nouveau maillot&hellip;\n","protected":false},"author":2,"featured_media":490477,"comment_status":"","ping_status":"","sticky":false,"template":"","format":"standard","meta":{"footnotes":""},"categories":[1411],"tags":[1154,207,1011,27,60],"class_list":{"0":"post-567740","1":"post","2":"type-post","3":"status-publish","4":"format-standard","5":"has-post-thumbnail","7":"category-cyclisme","8":"tag-cycling","9":"tag-cyclisme","10":"tag-fr","11":"tag-france","12":"tag-sports"},"share_on_mastodon":{"url":"https:\/\/pubeurope.com\/@fr\/115635793780996025","error":""},"_links":{"self":[{"href":"https:\/\/www.europesays.com\/fr\/wp-json\/wp\/v2\/posts\/567740","targetHints":{"allow":["GET"]}}],"collection":[{"href":"https:\/\/www.europesays.com\/fr\/wp-json\/wp\/v2\/posts"}],"about":[{"href":"https:\/\/www.europesays.com\/fr\/wp-json\/wp\/v2\/types\/post"}],"author":[{"embeddable":true,"href":"https:\/\/www.europesays.com\/fr\/wp-json\/wp\/v2\/users\/2"}],"replies":[{"embeddable":true,"href":"https:\/\/www.europesays.com\/fr\/wp-json\/wp\/v2\/comments?post=567740"}],"version-history":[{"count":0,"href":"https:\/\/www.europesays.com\/fr\/wp-json\/wp\/v2\/posts\/567740\/revisions"}],"wp:featuredmedia":[{"embeddable":true,"href":"https:\/\/www.europesays.com\/fr\/wp-json\/wp\/v2\/media\/490477"}],"wp:attachment":[{"href":"https:\/\/www.europesays.com\/fr\/wp-json\/wp\/v2\/media?parent=567740"}],"wp:term":[{"taxonomy":"category","embeddable":true,"href":"https:\/\/www.europesays.com\/fr\/wp-json\/wp\/v2\/categories?post=567740"},{"taxonomy":"post_tag","embeddable":true,"href":"https:\/\/www.europesays.com\/fr\/wp-json\/wp\/v2\/tags?post=567740"}],"curies":[{"name":"wp","href":"https:\/\/api.w.org\/{rel}","templated":true}]}}