{"id":567745,"date":"2025-11-30T00:24:13","date_gmt":"2025-11-30T00:24:13","guid":{"rendered":"https:\/\/www.europesays.com\/fr\/567745\/"},"modified":"2025-11-30T00:24:13","modified_gmt":"2025-11-30T00:24:13","slug":"serge-nokin-totems-sans-tabous-le-hutois-qui-sculpte-des-figures-imaginaires-a-la-tronconneuse","status":"publish","type":"post","link":"https:\/\/www.europesays.com\/fr\/567745\/","title":{"rendered":"Serge Nokin : Totems sans tabous, le Hutois qui sculpte des figures imaginaires \u00e0 la tron\u00e7onneuse"},"content":{"rendered":"<blockquote class=\"ap-StoryQuote ap-StoryQuote--blockquote\">\n<p class=\"ap-StoryQuote-text\">Apr\u00e8s une premi\u00e8re incursion remarqu\u00e9e dans l&rsquo;\u00e9mission \u00ab\u00a0Affaire conclue\u00a0\u00bb aux c\u00f4t\u00e9s de l&rsquo;antiquaire li\u00e9geoise Aurore Morisse, on devrait bient\u00f4t revoir Serge dans \u00ab\u00a0La Vie des objets\u00a0\u00bb<\/p>\n<\/blockquote>\n<p><img loading=\"lazy\" decoding=\"async\" class=\"w-full lazyload lazyload--opacity object-contain\" style=\"aspect-ratio:150 \/ 100;opacity:1\" alt=\"Serge Nokin alias Totems Tikis : \u00ab Une fois que j\u2019ai visualis\u00e9 le personnage en fonction de la forme du bois, je laisse agir mon inspiration pour cr\u00e9er un corps, une \u00e9norme t\u00eate ou des personnages bifaces. \u00bb\" width=\"768\" height=\"512\" fetchpriority=\"auto\" src=\"https:\/\/www.europesays.com\/fr\/wp-content\/uploads\/2025\/04\/1743933249_335_S5VKD3X55FFF3BW6V4SEHXNP7I.png\"  data- data-optimumx=\"1\"\/>Serge Nokin alias Totems Tikis : \u00ab\u00a0Une fois que j&rsquo;ai visualis\u00e9 le personnage en fonction de la forme du bois, je laisse agir mon inspiration pour cr\u00e9er un corps, une \u00e9norme t\u00eate ou des personnages bifaces.\u00a0\u00bb \u00a9D.R.<\/p>\n<p class=\"ap-StoryElement ap-StoryElement--mb ap-StoryText\">Bon nombre de ses sculptures habitent d\u00e9sormais la r\u00e9gion hutoise, comme ce totem de 4,80 m de haut situ\u00e9 en face de l&rsquo;h\u00f4pital de Huy, \u00e0 la suite d&rsquo;une commande d&rsquo;Anne-Marie Lizin. \u00ab\u00a0La plupart des sculpteurs \u00e0 la tron\u00e7onneuse sont des b\u00fbcherons qui sculptent des animaux. Ma d\u00e9marche se veut plus artistique et s&rsquo;attache \u00e0 repr\u00e9senter exclusivement des figures humaines.\u00a0\u00bb<\/p>\n<p class=\"ap-StoryElement ap-StoryElement--mb ap-StoryText\">Si l&rsquo;artiste tron\u00e7onneur se produit r\u00e9guli\u00e8rement dans des d\u00e9monstrations publiques, il pr\u00e9f\u00e8re travailler chez lui ou sur commande. Ce fut le cas pour le chanteur Fr\u00e9d\u00e9ric Fran\u00e7ois qui, suite au d\u00e9c\u00e8s de son p\u00e8re, lui a fait sculpter trois pi\u00e8ces de bois tir\u00e9es d&rsquo;un ch\u00eane d&rsquo;Am\u00e9rique que celui-ci avait plant\u00e9 jadis. \u00ab\u00a0Mes personnages sont \u00e9videmment tributaires de l&rsquo;\u00e9paisseur du bois, mais je ne travaille qu&rsquo;\u00e0 partir d&rsquo;arbres morts enracin\u00e9s, quitte \u00e0 garder les branches intactes pour leur donner une sorte de coiffure.\u00a0\u00bb Ses outils se limitent aux tron\u00e7onneuses de toutes tailles. Il en a d&rsquo;ailleurs une dizaine sous la main quand il fait des d\u00e9monstrations, pour parer \u00e0 toute \u00e9ventualit\u00e9. Sa pr\u00e9f\u00e9r\u00e9e est la petite MS180 thermique de chez Stihl, \u00ab\u00a0maniable, l\u00e9g\u00e8re, increvable\u00a0\u00bb.<\/p>\n<p><img loading=\"lazy\" decoding=\"async\" class=\"w-full lazyload lazyload--opacity object-contain\" style=\"aspect-ratio:170 \/ 100;opacity:1\" alt=\"Quelques-unes de ses r\u00e9alisations.\" width=\"768\" height=\"452\" fetchpriority=\"auto\" src=\"https:\/\/www.europesays.com\/fr\/wp-content\/uploads\/2025\/04\/1743933249_335_S5VKD3X55FFF3BW6V4SEHXNP7I.png\"  data- data-optimumx=\"1\"\/>Quelques-unes de ses r\u00e9alisations. \u00a9D.R.<\/p>\n<p class=\"ap-StoryElement ap-StoryElement--mb ap-StoryText\">Quand il se met au travail, Serge s&rsquo;assure d&rsquo;abord que la cha\u00eene soit bien tendue. Il \u00e9corce l&rsquo;arbre et commence par le nez, puis la bouche suit. \u00ab\u00a0Une fois que j&rsquo;ai visualis\u00e9 le personnage en fonction de la forme du bois, je laisse agir mon inspiration pour cr\u00e9er un corps, une \u00e9norme t\u00eate ou des personnages bifaces. Durant mon travail, je ne r\u00e9fl\u00e9chis pas, comme si j&rsquo;\u00e9tais en transe. Ma seule inqui\u00e9tude est de savoir s&rsquo;il y a assez d&rsquo;essence dans le r\u00e9servoir. Apr\u00e8s avoir termin\u00e9, je ne ponce pas ; il y a des coups de cha\u00eene et c&rsquo;est l\u00e0 qu&rsquo;on retrouve ma griffe. Ensuite, je laisse faire la nature, qui apporte sa patine avec le vent et la pluie. Un an apr\u00e8s, il est conseill\u00e9 d&rsquo;entretenir le totem avec une lasure transparente, comme pour un chalet ou un abri de jardin.\u00a0\u00bb<\/p>\n<p class=\"ap-StoryElement ap-StoryElement--mb ap-StoryText\">Mais Serge Nokin ne se limite pas \u00e0 peupler la nature de ses \u0153uvres. Apr\u00e8s avoir peint des portraits de jazzmen de mani\u00e8re r\u00e9aliste, il s&rsquo;est pris au jeu jusqu&rsquo;\u00e0 ce que les visages de ses sujets se fragmentent, un peu \u00e0 la mani\u00e8re de Picasso, ce qui l&rsquo;a conduit par la suite \u00e0 customiser des objets : ici un cercueil, l\u00e0 le casque du c\u00e9l\u00e8bre constructeur de motos Fred Krugger, l\u00e0 encore la derni\u00e8re Fiat \u00e9lectrique 500 ou les surfaces vitr\u00e9es de la nouvelle Mercedes CLA \u00e9lectrique. Ce qui ne l&rsquo;a pas emp\u00each\u00e9, pour sa part, de continuer \u00e0 rouler dans une vieille Coccinelle dont il vient \u00e0 peine de se s\u00e9parer ! \u00ab\u00a0Pour la customisation\u00a0\u00bb, pr\u00e9cise-t-il, \u00ab\u00a0j&rsquo;utilise des Posca, des marqueurs \u00e0 l&rsquo;acrylique permettant de travailler tout en finesse.\u00a0\u00bb En tout cas, on n&rsquo;a pas fini d&rsquo;entendre parler de l&rsquo;homme \u00e0 la tron\u00e7onneuse : apr\u00e8s une premi\u00e8re incursion remarqu\u00e9e dans l&rsquo;\u00e9mission \u00ab\u00a0Affaire conclue\u00a0\u00bb aux c\u00f4t\u00e9s de l&rsquo;antiquaire li\u00e9geoise Aurore Morisse, on devrait bient\u00f4t revoir Serge dans \u00ab\u00a0La Vie des objets\u00a0\u00bb. C&rsquo;est dire si l&rsquo;artiste a fait forte impression !<\/p>\n","protected":false},"excerpt":{"rendered":"Apr\u00e8s une premi\u00e8re incursion remarqu\u00e9e dans l&rsquo;\u00e9mission \u00ab\u00a0Affaire conclue\u00a0\u00bb aux c\u00f4t\u00e9s de l&rsquo;antiquaire li\u00e9geoise Aurore Morisse, on devrait&hellip;\n","protected":false},"author":2,"featured_media":567746,"comment_status":"","ping_status":"","sticky":false,"template":"","format":"standard","meta":{"footnotes":""},"categories":[1358],"tags":[68315,68312,1348,1384,1385,68314,1386,58,59,1011,27,68311,68310,68313],"class_list":{"0":"post-567745","1":"post","2":"type-post","3":"status-publish","4":"format-standard","5":"has-post-thumbnail","7":"category-arts-et-design","8":"tag-art-brut-bois","9":"tag-artiste-hutois","10":"tag-arts","11":"tag-arts-and-design","12":"tag-arts-et-design","13":"tag-customisation-serge-nokin","14":"tag-design","15":"tag-divertissement","16":"tag-entertainment","17":"tag-fr","18":"tag-france","19":"tag-sculpture-a-la-tronconneuse","20":"tag-serge-nokin-totems-tikis","21":"tag-totems-tikis"},"share_on_mastodon":{"url":"https:\/\/pubeurope.com\/@fr\/115635805777898136","error":""},"_links":{"self":[{"href":"https:\/\/www.europesays.com\/fr\/wp-json\/wp\/v2\/posts\/567745","targetHints":{"allow":["GET"]}}],"collection":[{"href":"https:\/\/www.europesays.com\/fr\/wp-json\/wp\/v2\/posts"}],"about":[{"href":"https:\/\/www.europesays.com\/fr\/wp-json\/wp\/v2\/types\/post"}],"author":[{"embeddable":true,"href":"https:\/\/www.europesays.com\/fr\/wp-json\/wp\/v2\/users\/2"}],"replies":[{"embeddable":true,"href":"https:\/\/www.europesays.com\/fr\/wp-json\/wp\/v2\/comments?post=567745"}],"version-history":[{"count":0,"href":"https:\/\/www.europesays.com\/fr\/wp-json\/wp\/v2\/posts\/567745\/revisions"}],"wp:featuredmedia":[{"embeddable":true,"href":"https:\/\/www.europesays.com\/fr\/wp-json\/wp\/v2\/media\/567746"}],"wp:attachment":[{"href":"https:\/\/www.europesays.com\/fr\/wp-json\/wp\/v2\/media?parent=567745"}],"wp:term":[{"taxonomy":"category","embeddable":true,"href":"https:\/\/www.europesays.com\/fr\/wp-json\/wp\/v2\/categories?post=567745"},{"taxonomy":"post_tag","embeddable":true,"href":"https:\/\/www.europesays.com\/fr\/wp-json\/wp\/v2\/tags?post=567745"}],"curies":[{"name":"wp","href":"https:\/\/api.w.org\/{rel}","templated":true}]}}