{"id":567747,"date":"2025-11-30T00:26:16","date_gmt":"2025-11-30T00:26:16","guid":{"rendered":"https:\/\/www.europesays.com\/fr\/567747\/"},"modified":"2025-11-30T00:26:16","modified_gmt":"2025-11-30T00:26:16","slug":"france-tv-secouee-apres-le-fiasco-de-complement-denquete","status":"publish","type":"post","link":"https:\/\/www.europesays.com\/fr\/567747\/","title":{"rendered":"France TV secou\u00e9e apr\u00e8s le fiasco de \u00abCompl\u00e9ment d\u2019enqu\u00eate\u00bb"},"content":{"rendered":"<p>Branle-bas de combat dans l\u2019audiovisuel public. Apr\u00e8s le d\u00e9saveu cinglant inflig\u00e9 par l\u2019Arcom \u00e0 l\u2019\u00e9tude bancale de <a href=\"https:\/\/www.lejdd.fr\/societe\/quest-ce-que-reporters-sans-frontieres-135371\" target=\"_blank\" rel=\"noopener\">RSF<\/a> sur CNews, France\u00a02 a d\u00fb, en urgence, faire couper la s\u00e9quence incrimin\u00e9e de \u00ab\u00a0Compl\u00e9ment d\u2019enqu\u00eate\u00a0\u00bb. Et selon nos informations, l\u2019id\u00e9e d\u2019un report pur et simple du num\u00e9ro a agit\u00e9 la direction jusque tard dans la soir\u00e9e\u00a0: le d\u00e9bat a \u00e9t\u00e9 vif, sans que les partisans d\u2019un d\u00e9calage n\u2019obtiennent gain de cause. La sc\u00e8ne illustre parfaitement le climat \u00e9lectrique qui r\u00e8gne d\u00e9sormais au sein de la t\u00e9l\u00e9vision publique.<\/p>\n<p>    La suite apr\u00e8s cette publicit\u00e9<\/p>\n<p>Dans les plus hautes sph\u00e8res du groupe, l\u2019incident est pris tr\u00e8s au s\u00e9rieux. Christophe Tardieu, le secr\u00e9taire g\u00e9n\u00e9ral, confie d\u2019ailleurs ne pas vouloir en rester l\u00e0\u00a0: \u00ab\u00a0Il serait souhaitable de faire la lumi\u00e8re sur les raisons de ces divergences d\u2019appr\u00e9ciation.\u00a0\u00bb <a href=\"https:\/\/www.lejdd.fr\/societe\/quest-ce-que-reporters-sans-frontieres-135371\" target=\"_blank\" rel=\"noopener\">RSF<\/a>, de son c\u00f4t\u00e9, d\u00e9plore les \u00ab\u00a0d\u00e9n\u00e9gations\u00a0\u00bb de l\u2019Arcom et maintient \u00ab\u00a0ses chiffres et ses conclusions\u00a0\u00bb. Joint par le JDD, son directeur g\u00e9n\u00e9ral, Thibaut Bruttin, accuse m\u00eame le r\u00e9gulateur d\u2019\u00eatre \u00ab\u00a0en pleine contradiction avec ses propres textes\u00a0\u00bb.<\/p>\n<p>Col\u00e8re de l\u2019Arcom<\/p>\n<p>Au passage, l\u2019ONG fait savoir qu\u2019elle se r\u00e9serve le droit de saisir officiellement le gendarme de l\u2019audiovisuel. \u00c0 l\u2019Arcom, la col\u00e8re n\u2019en est pas moins vive\u00a0: le r\u00e9gulateur juge avoir agi dans son strict r\u00f4le et estime que RSF a largement outrepass\u00e9 le sien en avan\u00e7ant des affirmations jug\u00e9es inexactes. Christophe Tardieu, lui, r\u00e9affirme sans d\u00e9tour sa confiance dans l\u2019institution\u00a0: \u00ab\u00a0C\u2019est notre r\u00e9gulateur ind\u00e9pendant. Je n\u2019ai aucune raison de douter de leurs analyses dans ce domaine.\u00a0\u00bb<\/p>\n<blockquote class=\"exergue\">\n<p>L\u2019\u00e9mission pr\u00e9sent\u00e9e par Tristan Waleckx n\u2019en est pas \u00e0 son premier psychodrame interne<\/p>\n<\/blockquote>\n<p>Alors, \u00e0 France\u00a0TV, la zizanie monte encore d\u2019un cran. Tandis que son secr\u00e9taire g\u00e9n\u00e9ral hausse le ton, la direction se r\u00e9fugie derri\u00e8re les chiffres et se f\u00e9licite du succ\u00e8s du num\u00e9ro. La r\u00e9daction en chef de \u00ab\u00a0Compl\u00e9ment d\u2019enqu\u00eate\u00a0\u00bb, elle, assume le d\u00e9coupage de derni\u00e8re minute\u00a0: \u00ab\u00a0La s\u00e9quence \u00e9tait v\u00e9rifi\u00e9e et solide. Nous avons d\u00fb la retirer uniquement parce qu\u2019un \u00e9l\u00e9ment contradictoire r\u00e9v\u00e9lant la position de l\u2019Arcom est arriv\u00e9 trop tard pour \u00eatre int\u00e9gr\u00e9.\u00a0\u00bb Des violons, \u00e0 l\u2019\u00e9vidence, bien mal accord\u00e9s.<\/p>\n<p>Il faut dire que l\u2019\u00e9mission pr\u00e9sent\u00e9e par Tristan Waleckx n\u2019en est pas \u00e0 son premier psychodrame interne. \u00ab\u00a090\u00a0% de nos probl\u00e8mes viennent de l\u00e0\u00a0\u00bb, soupire un proche de l\u2019\u00e9tat-major, pointant des niveaux d\u2019investigation tr\u00e8s variables. Une situation qui d\u00e9sole Renaud Bernard, coordinateur FO\u00a0: \u00ab\u00a0\u00c7a me fait de la peine pour les \u00e9quipes, qui sont de bons journalistes mais instrumentalis\u00e9s. Dans l\u2019\u00e9mission de cette semaine, ils ne d\u00e9montrent en rien que CNews est un m\u00e9dia d\u2019opinion. Ils rappellent juste une ligne \u00e9ditoriale\u2026 totalement assum\u00e9e par la cha\u00eene\u00a0! \u00c0 quoi bon\u00a0?\u00a0\u00bb C\u2019est, au fond, toute la question.<\/p>\n","protected":false},"excerpt":{"rendered":"Branle-bas de combat dans l\u2019audiovisuel public. Apr\u00e8s le d\u00e9saveu cinglant inflig\u00e9 par l\u2019Arcom \u00e0 l\u2019\u00e9tude bancale de RSF&hellip;\n","protected":false},"author":2,"featured_media":567748,"comment_status":"","ping_status":"","sticky":false,"template":"","format":"standard","meta":{"footnotes":""},"categories":[1356],"tags":[58,59,1011,27,252,1364],"class_list":{"0":"post-567747","1":"post","2":"type-post","3":"status-publish","4":"format-standard","5":"has-post-thumbnail","7":"category-television","8":"tag-divertissement","9":"tag-entertainment","10":"tag-fr","11":"tag-france","12":"tag-television","13":"tag-tv"},"share_on_mastodon":{"url":"https:\/\/pubeurope.com\/@fr\/115635813609060301","error":""},"_links":{"self":[{"href":"https:\/\/www.europesays.com\/fr\/wp-json\/wp\/v2\/posts\/567747","targetHints":{"allow":["GET"]}}],"collection":[{"href":"https:\/\/www.europesays.com\/fr\/wp-json\/wp\/v2\/posts"}],"about":[{"href":"https:\/\/www.europesays.com\/fr\/wp-json\/wp\/v2\/types\/post"}],"author":[{"embeddable":true,"href":"https:\/\/www.europesays.com\/fr\/wp-json\/wp\/v2\/users\/2"}],"replies":[{"embeddable":true,"href":"https:\/\/www.europesays.com\/fr\/wp-json\/wp\/v2\/comments?post=567747"}],"version-history":[{"count":0,"href":"https:\/\/www.europesays.com\/fr\/wp-json\/wp\/v2\/posts\/567747\/revisions"}],"wp:featuredmedia":[{"embeddable":true,"href":"https:\/\/www.europesays.com\/fr\/wp-json\/wp\/v2\/media\/567748"}],"wp:attachment":[{"href":"https:\/\/www.europesays.com\/fr\/wp-json\/wp\/v2\/media?parent=567747"}],"wp:term":[{"taxonomy":"category","embeddable":true,"href":"https:\/\/www.europesays.com\/fr\/wp-json\/wp\/v2\/categories?post=567747"},{"taxonomy":"post_tag","embeddable":true,"href":"https:\/\/www.europesays.com\/fr\/wp-json\/wp\/v2\/tags?post=567747"}],"curies":[{"name":"wp","href":"https:\/\/api.w.org\/{rel}","templated":true}]}}