{"id":567749,"date":"2025-11-30T00:27:15","date_gmt":"2025-11-30T00:27:15","guid":{"rendered":"https:\/\/www.europesays.com\/fr\/567749\/"},"modified":"2025-11-30T00:27:15","modified_gmt":"2025-11-30T00:27:15","slug":"france-musique-est-a-vous-du-samedi-29-novembre-2025","status":"publish","type":"post","link":"https:\/\/www.europesays.com\/fr\/567749\/","title":{"rendered":"France Musique est \u00e0 vous du samedi 29 novembre 2025"},"content":{"rendered":"<p><strong>Partagez avec nous vos coups de c\u0153ur musicaux\u00a0!<\/strong><\/p>\n<p class=\"PopSlotParagraph qg-tx2 qg-xtra-lh svelte-1r0pyek\"><strong>&#8211; Par \u00e9crit<\/strong>\u00a0: via e-mail\u00a0\u00e0 l&rsquo;adresse\u00a0<a href=\"https:\/\/www.radiofrance.fr\/francemusique\/podcasts\/france-musique-est-a-vous\/mailto:francemusiqueestavous@radiofrance.com\" class=\"\" data-testid=\"link\" target=\"_blank\" rel=\"noopener\"><strong>francemusiqueestavous@radiofrance.com<\/strong><\/a>\u00a0ou sur les\u00a0<strong>r\u00e9seaux sociaux<\/strong>\u00a0(<a href=\"https:\/\/twitter.com\/francemusique?ref_src=twsrc%255Egoogle%257Ctwcamp%255Eserp%257Ctwgr%255Eauthor\" target=\"_blank\" rel=\"noopener noreferrer\" class=\"\" data-testid=\"link\">Twitter<\/a><a href=\"https:\/\/twitter.com\/francemusique\" target=\"_blank\" rel=\"noopener noreferrer\" class=\"\" data-testid=\"link\">,<\/a><a href=\"https:\/\/www.instagram.com\/francemusique\/?hl=fr\" target=\"_blank\" rel=\"noopener noreferrer\" class=\"\" data-testid=\"link\">Instagram<\/a>\u00a0et\u00a0<a href=\"https:\/\/www.facebook.com\/FranceMusique\/\" target=\"_blank\" rel=\"noopener noreferrer\" class=\"\" data-testid=\"link\">Facebook<\/a>\u00a0)<br \/><strong>&#8211; Par message vocal<\/strong>\u00a0sur notre r\u00e9pondeur\u00a0t\u00e9l\u00e9phonique au\u00a0<strong>01 56 40 66 40<\/strong>\u00a0(ou sur un dictaphone pour nous l&rsquo;adresser par e-mail). Dans ce message vous pouvez \u00e9voquer la raison de votre choix musical, les \u00e9motions\/ressentis que vous procure l&rsquo;\u0153uvre ou tout simplement nous partager vos r\u00e9actions \u00e0 propos de notre \u00e9mission.<\/p>\n<p> <strong>\ud83d\udcdcAu programme de ce samedi 29 novembre 2025 :<\/strong><\/p>\n<ul>\n<li>6h50 &amp; 8h15 :\u00a0<strong>Le Jeu &#8211;<\/strong>\u00a0Tentez de gagner des places pour le\u00a0<a href=\"https:\/\/www.lacinemathequedetoulouse.com\/programmation\/projections\/36640\" target=\"_blank\" rel=\"noopener noreferrer\" class=\"\" data-testid=\"link\">cin\u00e9-concert\u00a0Conte et silhouette\u00a0au festival Synchro de Toulouse<\/a><\/li>\n<li>7h20 :\u00a0<strong>Samedi \u00e0 l&rsquo;Op\u00e9ra<\/strong>\u00a0&#8211; Judith Chaine pr\u00e9sente Turandot de <strong>Puccini<\/strong><\/li>\n<li>7h40 :\u00a0<strong>Au fil de l&rsquo;actu<\/strong> &#8211; Avec Thierry Escaich, organiste et compositeur<\/li>\n<li>7h50 :\u00a0<strong>Maxxi Classique<\/strong>\u00a0par Max Dozolme &#8211;\u00a0A l\u2019ombre d\u2019<strong>Ellington<\/strong>\u00a0: les chefs-d\u2019\u0153uvre de <strong>Billy Strayhorn<\/strong><\/li>\n<li>8h01 :\u00a0<strong>Le Zap<\/strong><\/li>\n<li>8h30 :\u00a0<strong>FMEAV Junior<\/strong><\/li>\n<\/ul>\n<p><strong>\ud83c\udfb2Le jeu<\/strong><\/p>\n<p class=\"PopSlotParagraph qg-tx2 qg-xtra-lh svelte-1r0pyek\">Tentez de gagner des places pour le cin\u00e9-concert du 6 d\u00e9cembre\u00a0:\u00a0Conte et silhouette\u00a0au festival <strong>Synchro<\/strong> de Toulouse<\/p>\n<p>  <img decoding=\"async\" class=\"Image-preview  svelte-1b9cmvl\" data-testid=\"image-preview\" src=\"data:image\/jpeg;charset=utf-8;base64, \/9j\/2wBDACgcHiMeGSgjISMtKygwPGRBPDc3PHtYXUlkkYCZlo+AjIqgtObDoKrarYqMyP\/L2u71\/\/\/\/m8H\/\/\/\/6\/+b9\/\/j\/2wBDASstLTw1PHZBQXb4pYyl+Pj4+Pj4+Pj4+Pj4+Pj4+Pj4+Pj4+Pj4+Pj4+Pj4+Pj4+Pj4+Pj4+Pj4+Pj4+Pj4+Pj\/wAARCAAXACoDASIAAhEBAxEB\/8QAFQABAQAAAAAAAAAAAAAAAAAAAAH\/xAAUEAEAAAAAAAAAAAAAAAAAAAAA\/8QAGAEAAwEBAAAAAAAAAAAAAAAAAAECAwT\/xAAWEQEBAQAAAAAAAAAAAAAAAAAAARH\/2gAMAwEAAhEDEQA\/AIKMnbaiKBOoKEqVQDFEAJAAb\/\/Z\" alt=\"\" aria-hidden=\"false\"\/>     <img decoding=\"async\" src=\"https:\/\/www.europesays.com\/fr\/wp-content\/uploads\/2025\/11\/860_sc_synchro.jpg\" loading=\"lazy\" fetchpriority=\"low\" width=\"860\" height=\"476\" class=\"Image-main  svelte-1b9cmvl rounded\" data-testid=\"image-src\" alt=\"Affiche Festival\" aria-hidden=\"false\" onload=\"this.__e=event\" onerror=\"this.__e=event\"\/> Affiche Festival  <\/p>\n<p class=\"PopSlotParagraph qg-tx2 qg-xtra-lh svelte-1r0pyek\">Envoyez-nous vos r\u00e9ponses \u00e0 l&rsquo;adresse mail de l&rsquo;\u00e9mission\u00a0:\u00a0<a href=\"https:\/\/www.radiofrance.fr\/francemusique\/podcasts\/france-musique-est-a-vous\/mailto:Francemusiqueestavous@radiofrance.com\" class=\"\" data-testid=\"link\" target=\"_blank\" rel=\"noopener\">Francemusiqueestavous@radiofrance.com<\/a>\u00a0!<\/p>\n<p> <strong>\ud83c\udfbc Samedi \u00e0 l&rsquo;op\u00e9ra<\/strong><\/p>\n<p class=\"PopSlotParagraph qg-tx2 qg-xtra-lh svelte-1r0pyek\">Judith Chaine pr\u00e9sente Turandot de <strong>Puccini<\/strong><\/p>\n<p class=\"PopSlotParagraph qg-tx2 qg-xtra-lh svelte-1r0pyek\">Il s&rsquo;agit d&rsquo;un op\u00e9ra en 3 actes et 5 tableaux sur un livret de <strong>Giuseppe Adami<\/strong> et <strong>Renato Simoni<\/strong> d&rsquo;apr\u00e8s la fable th\u00e9\u00e2trale \u00ab\u00a0Turandot\u00a0\u00bb (1762) de <strong>Carlo Gozzi<\/strong>\u00a0cr\u00e9\u00e9 le 25 avril 1926 \u00e0 la Scala de Milan.<\/p>\n<p> <strong>\ud83d\udcfaMaestro sur Arte<\/strong><\/p>\n<p class=\"PopSlotParagraph qg-tx2 qg-xtra-lh svelte-1r0pyek\"><a href=\"https:\/\/www.arte.tv\/fr\/videos\/124819-000-A\/concert-d-anniversaire-pour-arvo-paert\/\" target=\"_blank\" rel=\"noopener noreferrer\" class=\"\" data-testid=\"link\">Ce dimanche 30 novembre, \u00e0 18h40 sur Arte, en partenariat avec France Musique, regardez\u00a0:\u00a0Concert d&rsquo;anniversaire pour Arvo P\u00e4rt<\/a><a href=\"https:\/\/www.arte.tv\/fr\/videos\/117761-001-F\/la-folle-journee-de-nantes-2024-origines\/\" target=\"_blank\" rel=\"noopener noreferrer\" class=\"\" data-testid=\"link\"><\/a><\/p>\n<p class=\"PopSlotParagraph qg-tx2 qg-xtra-lh svelte-1r0pyek\"><strong>Arvo P\u00e4rt<\/strong> est parvenu \u00e0 ancrer la spiritualit\u00e9 de l\u2019Europe de l\u2019Est dans la conscience musicale occidentale et \u00e0 rendre la musique \u00ab\u00a0s\u00e9rieuse\u00a0\u00bb d\u2019aujourd\u2019hui accessible \u00e0 un large public. Il f\u00eate ses 90\u00a0ans le 11\u00a0septembre 2025.<\/p>\n<p class=\"PopSlotParagraph qg-tx2 qg-xtra-lh svelte-1r0pyek\"><strong>Programme\u00a0:<\/strong>\u00a0<br \/>Silouan\u2019s Song pour orchestre \u00e0 cordes<br \/>Trisagion pour orchestre \u00e0 cordes<br \/>Stabat Mater pour ch\u0153ur et orchestre<br \/>Festina lente pour orchestre \u00e0 cordes<br \/>Berliner Messe pour ch\u0153ur et orchestre<\/p>\n<p class=\"PopSlotParagraph qg-tx2 qg-xtra-lh svelte-1r0pyek\"><strong>Concert film\u00e9 le 11 septembre 2025 chez le\u00a0Lausitz Festival\u00a0\u00e0 G\u00f6rlitz.<\/strong><\/p>\n<p> <strong>\ud83c\udfa4Au fil de l&rsquo;actu<\/strong><\/p>\n<p class=\"PopSlotParagraph qg-tx2 qg-xtra-lh svelte-1r0pyek\">Rendez-vous avec\u00a0<strong>Thierry Escaich<\/strong>, organiste et compositeur fran\u00e7ais.<\/p>\n<p> <strong>\ud83c\udfb5Maxxi Classique par Max Dozolme<\/strong><\/p>\n<p class=\"PopSlotParagraph qg-tx2 qg-xtra-lh svelte-1r0pyek\">Max Dozolme consacre sa chronique \u00e0 Billy Strayhorn, qui aurait eu 110 ce samedi 29 novembre 2025.<\/p>\n<p class=\"PopSlotParagraph qg-tx2 qg-xtra-lh svelte-1r0pyek\">A l\u2019ombre d\u2019<strong>Ellington<\/strong>\u00a0: les chefs-d\u2019\u0153uvre de\u00a0<strong>Billy\u00a0Strayhorn<\/strong><\/p>\n<p> <strong>\ud83c\udfa7Le Zap<\/strong><strong>\ud83c\udfa0France Musique est \u00e0 vous Junior<\/strong><\/p>\n<p class=\"PopSlotParagraph qg-tx2 qg-xtra-lh svelte-1r0pyek\"><strong>Le podcast\u00a0:<\/strong> La sorci\u00e8re Bouillabaisse (L\u2019oreille en colima\u00e7on),\u00a0\u00e9pisode\u00a01 : Une souris verte<br \/><strong>L&rsquo;\u0153uvre de jeunesse\u00a0:<\/strong> Caprice en forme de valse en\u00a0La b\u00e9mol\u00a0Maj n\u00b07 &#8211; pour piano de <strong>Clara Schumann<\/strong><br \/><strong>Le Labo musical de Nico\u00a0:<\/strong>\u00a0Qu&rsquo;est-ce que\u00a0le Yodel\u00a0?<br \/><strong>Le r\u00e9pondeur des enfants\u00a0:<\/strong> Amaya nous propose d&rsquo;\u00e9couter La mauvaise r\u00e9putation de <strong>Georges Brassens<\/strong><br \/><strong>Les concerts p\u00e9dagogiques\u00a0:<\/strong> Strasbourg, Marseille et Paris<\/p>\n<p> <script async src=\"https:\/\/platform.twitter.com\/widgets.js\" charset=\"utf-8\"><\/script><script async src=\"\/\/www.instagram.com\/embed.js\"><\/script><\/p>\n","protected":false},"excerpt":{"rendered":"Partagez avec nous vos coups de c\u0153ur musicaux\u00a0! &#8211; Par \u00e9crit\u00a0: via e-mail\u00a0\u00e0 l&rsquo;adresse\u00a0francemusiqueestavous@radiofrance.com\u00a0ou sur les\u00a0r\u00e9seaux sociaux\u00a0(Twitter,Instagram\u00a0et\u00a0Facebook\u00a0)&#8211; Par&hellip;\n","protected":false},"author":2,"featured_media":567750,"comment_status":"","ping_status":"","sticky":false,"template":"","format":"standard","meta":{"footnotes":""},"categories":[1355],"tags":[58,59,1011,27,1361,873],"class_list":{"0":"post-567749","1":"post","2":"type-post","3":"status-publish","4":"format-standard","5":"has-post-thumbnail","7":"category-musique","8":"tag-divertissement","9":"tag-entertainment","10":"tag-fr","11":"tag-france","12":"tag-music","13":"tag-musique"},"share_on_mastodon":{"url":"https:\/\/pubeurope.com\/@fr\/115635817965124961","error":""},"_links":{"self":[{"href":"https:\/\/www.europesays.com\/fr\/wp-json\/wp\/v2\/posts\/567749","targetHints":{"allow":["GET"]}}],"collection":[{"href":"https:\/\/www.europesays.com\/fr\/wp-json\/wp\/v2\/posts"}],"about":[{"href":"https:\/\/www.europesays.com\/fr\/wp-json\/wp\/v2\/types\/post"}],"author":[{"embeddable":true,"href":"https:\/\/www.europesays.com\/fr\/wp-json\/wp\/v2\/users\/2"}],"replies":[{"embeddable":true,"href":"https:\/\/www.europesays.com\/fr\/wp-json\/wp\/v2\/comments?post=567749"}],"version-history":[{"count":0,"href":"https:\/\/www.europesays.com\/fr\/wp-json\/wp\/v2\/posts\/567749\/revisions"}],"wp:featuredmedia":[{"embeddable":true,"href":"https:\/\/www.europesays.com\/fr\/wp-json\/wp\/v2\/media\/567750"}],"wp:attachment":[{"href":"https:\/\/www.europesays.com\/fr\/wp-json\/wp\/v2\/media?parent=567749"}],"wp:term":[{"taxonomy":"category","embeddable":true,"href":"https:\/\/www.europesays.com\/fr\/wp-json\/wp\/v2\/categories?post=567749"},{"taxonomy":"post_tag","embeddable":true,"href":"https:\/\/www.europesays.com\/fr\/wp-json\/wp\/v2\/tags?post=567749"}],"curies":[{"name":"wp","href":"https:\/\/api.w.org\/{rel}","templated":true}]}}