{"id":567753,"date":"2025-11-30T00:29:18","date_gmt":"2025-11-30T00:29:18","guid":{"rendered":"https:\/\/www.europesays.com\/fr\/567753\/"},"modified":"2025-11-30T00:29:18","modified_gmt":"2025-11-30T00:29:18","slug":"loeuf-la-proteine-la-plus-populaire-a-un-effet-inattendu-sur-votre-cerveau","status":"publish","type":"post","link":"https:\/\/www.europesays.com\/fr\/567753\/","title":{"rendered":"l\u2019\u0153uf, la prot\u00e9ine la plus populaire, a un effet inattendu sur votre cerveau"},"content":{"rendered":"<p>Par <a class=\"author_recette\" id=\"author_name\" href=\"https:\/\/www.nextplz.fr\/auteur\/yvan-jourdan\" target=\"_blank\" rel=\"noopener\">Yvan<br \/>\nJourdan<\/a> &#8211;<br \/>\nPubli\u00e9 le 29 Nov 2025 \u00e0<br \/>\n12:30<\/p>\n<p class=\"article-intro excerpt\">Bien qu\u2019ayant des effets<br \/>\nb\u00e9n\u00e9fiques pour le syst\u00e8me immunitaire, l\u2019\u0153uf joue encore un r\u00f4le<br \/>\nm\u00e9connu des consommateurs pour le cerveau.<\/p>\n<p>L\u00a0\u00bb\u0153uf fait partie des produits agroalimentaires incontournable<br \/>\nde notre alimentation. Que ce soit au petit d\u00e9jeuner, au d\u00e9jeuner<br \/>\nou encore au diner, il peut s&rsquo;inviter dans divers plats. Dans des<br \/>\nrecettes sucr\u00e9es ou encore sal\u00e9es, il est tr\u00e8s pris\u00e9 par les<br \/>\npassionn\u00e9s de gastronomie. Bien qu&rsquo;\u00e9tant b\u00e9n\u00e9fique pour votre<br \/>\nsant\u00e9, <a href=\"https:\/\/www.nextplz.fr\/lifestyle\/517542-penurie-ou-pas-ces-oeufs-vendus-en-rayon-presentent-un-risque-sanitaire-serieux-evitez-les-a-tout-prix\" target=\"_blank\" rel=\"noopener\"><br \/>\nl&rsquo;\u0153uf peut aussi repr\u00e9senter un danger<\/a>. Par ailleurs, peut-on<br \/>\ndire qu&rsquo;il est un risque pour notre cerveau ou alors aurait-il des<br \/>\neffets n\u00e9fastes sur celui-ci ? Une question \u00e0 laquelle nous<br \/>\ndonnerons des \u00e9l\u00e9ments de r\u00e9ponses dans la suite de cet<br \/>\narticle.<\/p>\n<p>Quel est<br \/>\nl&rsquo;impacte g\u00e9n\u00e9ral de l&rsquo;\u0153uf sur la sant\u00e9 ?<\/p>\n<p>Selon les experts, l&rsquo;\u0153uf fournit en moyenne sept grammes de<br \/>\ngraisses satur\u00e9es, de polyinsatur\u00e9es, de mono-insatur\u00e9es, de<br \/>\nvitamines D, de prot\u00e9ines et 70 kilocalories. Toute personne<br \/>\nconsommant r\u00e9guli\u00e8rement cet aliment s&rsquo;assure un apport important<br \/>\nen choline. En effet, ce compl\u00e9ment alimentaire joue un r\u00f4le dans<br \/>\nle renforcement du syst\u00e8me immunitaire.<\/p>\n<p>Pour ainsi dire, il favorise le maintien de la structure des<br \/>\nmembranes cellulaires. Aussi, il permet la synth\u00e8se des<br \/>\nneurotransmetteurs tels que l&rsquo;ac\u00e9tylcholine. Des \u00e9tudes pouss\u00e9es<br \/>\nont permis de d\u00e9montrer que les \u0153ufs am\u00e9liorent le syst\u00e8me<br \/>\noculaire, le syst\u00e8me cardiovasculaire et <a href=\"https:\/\/www.nextplz.fr\/lifestyle\/478616-cholesterol-trop-eleve-cette-epice-orientale-va-vous-aider-a-le-faire-baisser-en-3-mois\" target=\"_blank\" rel=\"noopener\"><br \/>\nr\u00e9gule le taux de cholest\u00e9rol dans le sang<\/a>. En plus de ces<br \/>\nbienfaits, ils auraient aussi des effets positifs sur le<br \/>\ncerveau.<\/p>\n<p>L&rsquo;action des \u0153ufs sur le<br \/>\ncerveau<\/p>\n<p>Une r\u00e9cente \u00e9tude a \u00e9t\u00e9 men\u00e9e sur 890 personnes, dont 531<br \/>\nfemmes. Dans un premier temps, elle a d\u00e9montr\u00e9 que les femmes qui<br \/>\nconsommaient des \u0153ufs \u00e9taient moins sujettes \u00e0 une d\u00e9g\u00e9n\u00e9rescence<br \/>\nde la m\u00e9moire. Dans un second temps, elle a r\u00e9v\u00e9l\u00e9 que les hommes<br \/>\npr\u00e9sentaient de r\u00e9sultats plus que positifs dans l&rsquo;ensemble. Pour<br \/>\nainsi dire, riches en choline et en carot\u00e9no\u00efde, qui r\u00e9gulent les<br \/>\ncapacit\u00e9s cognitives, les \u0153ufs agissent efficacement sur les<br \/>\nneurotransmetteurs et le syst\u00e8me nerveux.<\/p>\n<p>Cependant, les sp\u00e9cialistes \u00e9mettent l&rsquo;id\u00e9e de proc\u00e9d\u00e9s \u00e0<br \/>\nd&rsquo;autres tests en raisons du grand \u00e9cart de diff\u00e9rence des<br \/>\nr\u00e9sultats obtenus chez les deux sexes. N\u00e9anmoins, m\u00eame s&rsquo;ils sont<br \/>\nbons pour l&rsquo;organisme, <a href=\"https:\/\/www.nextplz.fr\/lifestyle\/430233-attention-aux-oeufs-bio-les-dangers-que-vous-ignorez-selon-un-medecin\" target=\"_blank\" rel=\"noopener\"><br \/>\nun m\u00e9decin tire tout de m\u00eame la sonnette d&rsquo;alarme<\/a> concernant<br \/>\nles \u0153ufs bio.<\/p>\n<p>Autre aliment<br \/>\nb\u00e9n\u00e9fique pour l&rsquo;organisme<\/p>\n<p>Issu de la nature tout comme l&rsquo;\u0153uf, ce l\u00e9gume est aussi<br \/>\nessentiel pour votre sant\u00e9. De ce fait, il est n\u00e9cessaire pour vous<br \/>\nde l&rsquo;int\u00e9grer \u00e0 votre alimentation. Et pour cause, il est riche en<br \/>\nneuf acides amin\u00e9s qui sont des alli\u00e9s de votre bien-\u00eatre.<br \/>\nFacilitant la digestion, il favorise tout aussi la sensation de<br \/>\nsati\u00e9t\u00e9.<\/p>\n<p>Riche en isoflavone, il r\u00e9gule l&rsquo;\u00e9quilibre hormonal, notamment<br \/>\nchez les femmes en \u00e2ge de la m\u00e9nopause. Faible en calories et en<br \/>\ngraisses, il est tr\u00e8s sollicit\u00e9 par les v\u00e9g\u00e9tariens et les<br \/>\nv\u00e9g\u00e9taliens. En somme, <a href=\"https:\/\/www.nextplz.fr\/lifestyle\/517123-oubliez-la-viande-et-les-oeufs-ce-legume-contient-3-fois-plus-de-proteines\" target=\"_blank\" rel=\"noopener\"><br \/>\nl&rsquo;edamame est un l\u00e9gume qui devrait \u00eatre consomm\u00e9 par tous<\/a> et<br \/>\ndans les bonnes proportions.<\/p>\n","protected":false},"excerpt":{"rendered":"Par Yvan Jourdan &#8211; Publi\u00e9 le 29 Nov 2025 \u00e0 12:30 Bien qu\u2019ayant des effets b\u00e9n\u00e9fiques pour le&hellip;\n","protected":false},"author":2,"featured_media":567754,"comment_status":"","ping_status":"","sticky":false,"template":"","format":"standard","meta":{"footnotes":""},"categories":[10],"tags":[1011,27,72,71],"class_list":{"0":"post-567753","1":"post","2":"type-post","3":"status-publish","4":"format-standard","5":"has-post-thumbnail","7":"category-sante","8":"tag-fr","9":"tag-france","10":"tag-health","11":"tag-sante"},"share_on_mastodon":{"url":"https:\/\/pubeurope.com\/@fr\/115635825161960979","error":""},"_links":{"self":[{"href":"https:\/\/www.europesays.com\/fr\/wp-json\/wp\/v2\/posts\/567753","targetHints":{"allow":["GET"]}}],"collection":[{"href":"https:\/\/www.europesays.com\/fr\/wp-json\/wp\/v2\/posts"}],"about":[{"href":"https:\/\/www.europesays.com\/fr\/wp-json\/wp\/v2\/types\/post"}],"author":[{"embeddable":true,"href":"https:\/\/www.europesays.com\/fr\/wp-json\/wp\/v2\/users\/2"}],"replies":[{"embeddable":true,"href":"https:\/\/www.europesays.com\/fr\/wp-json\/wp\/v2\/comments?post=567753"}],"version-history":[{"count":0,"href":"https:\/\/www.europesays.com\/fr\/wp-json\/wp\/v2\/posts\/567753\/revisions"}],"wp:featuredmedia":[{"embeddable":true,"href":"https:\/\/www.europesays.com\/fr\/wp-json\/wp\/v2\/media\/567754"}],"wp:attachment":[{"href":"https:\/\/www.europesays.com\/fr\/wp-json\/wp\/v2\/media?parent=567753"}],"wp:term":[{"taxonomy":"category","embeddable":true,"href":"https:\/\/www.europesays.com\/fr\/wp-json\/wp\/v2\/categories?post=567753"},{"taxonomy":"post_tag","embeddable":true,"href":"https:\/\/www.europesays.com\/fr\/wp-json\/wp\/v2\/tags?post=567753"}],"curies":[{"name":"wp","href":"https:\/\/api.w.org\/{rel}","templated":true}]}}