{"id":567762,"date":"2025-11-30T00:34:18","date_gmt":"2025-11-30T00:34:18","guid":{"rendered":"https:\/\/www.europesays.com\/fr\/567762\/"},"modified":"2025-11-30T00:34:18","modified_gmt":"2025-11-30T00:34:18","slug":"trump-considere-ferme-lespace-aerien-venezuelien-colere-de-caracas-29-11-2025-a-2127","status":"publish","type":"post","link":"https:\/\/www.europesays.com\/fr\/567762\/","title":{"rendered":"Trump consid\u00e8re \u00ab\u00a0ferm\u00e9\u00a0\u00bb l&rsquo;espace a\u00e9rien v\u00e9n\u00e9zu\u00e9lien, col\u00e8re de Caracas &#8211; 29\/11\/2025 \u00e0 21:27"},"content":{"rendered":"<p>        <img decoding=\"async\" src=\"https:\/\/www.europesays.com\/fr\/wp-content\/uploads\/2025\/11\/6ba76e615f82230fd31c0f534ff8c643-760x507.jpg\" alt=\"Le pr\u00e9sident am\u00e9ricain Donald Trump participe \u00e0 un appel vid\u00e9o avec des militaires depuis sa r\u00e9sidence de Mar-a-Lago \u00e0 Palm Beach, en Floride, le 27 novembre 2025 ( AFP \/ Jim WATSON )\" loading=\"eager\" fetchpriority=\"high\" width=\"760\" height=\"507\" style=\"max-width: 100%!important; height: auto;\"\/><\/p>\n<p class=\"c-image-news__legend\">Le pr\u00e9sident am\u00e9ricain Donald Trump participe \u00e0 un appel vid\u00e9o avec des militaires depuis sa r\u00e9sidence de Mar-a-Lago \u00e0 Palm Beach, en Floride, le 27 novembre 2025 ( AFP \/ Jim WATSON )<\/p>\n<p>\n Le pr\u00e9sident am\u00e9ricain Donald Trump a lanc\u00e9 samedi un avertissement selon lequel l&rsquo;espace a\u00e9rien du Venezuela devait \u00eatre consid\u00e9r\u00e9 comme \u00ab\u00a0enti\u00e8rement ferm\u00e9\u00a0\u00bb, d\u00e9clenchant l&rsquo;ire de Caracas qui parle de \u00ab\u00a0menace colonialiste\u00a0\u00bb et \u00ab\u00a0d&rsquo;acte hostile\u00a0\u00bb.\n<\/p>\n<p>\n \u00ab\u00a0\u00c0 toutes les compagnies a\u00e9riennes, pilotes, trafiquants de drogue et trafiquants d&rsquo;\u00eatres humains,\u00a0\u00bb a \u00e9crit M. Trump sur son r\u00e9seau Truth Social, \u00ab\u00a0veuillez consid\u00e9rer L&rsquo;ESPACE A\u00c9RIEN AU-DESSUS ET AUTOUR DU VENEZUELA COMME ENTI\u00c8REMENT FERM\u00c9\u00a0\u00bb.\n<\/p>\n<p>\n Le pr\u00e9sident am\u00e9ricain n&rsquo;a pas donn\u00e9 de d\u00e9tails.\n<\/p>\n<p>\n Cette d\u00e9claration intervient alors que l&rsquo;administration Trump, dans sa lutte contre les cartels de la drogue, intensifie la pression sur le Venezuela avec un d\u00e9ploiement militaire majeur dans les Cara\u00efbes, incluant le plus grand porte-avions du monde.\n<\/p>\n<p>\n Donald Trump accuse en particulier le Venezuela d&rsquo;\u00eatre un artisan du trafic de drogue qui inonde le march\u00e9 am\u00e9ricain.\n<\/p>\n<p>\n Caracas qui d\u00e9ment et insiste sur le fait que l&rsquo;objectif v\u00e9ritable est un changement de r\u00e9gime et la mainmise sur les r\u00e9serves p\u00e9troli\u00e8res du pays, a condamn\u00e9 \u00ab\u00a0la menace colonialiste qui pr\u00e9tend affecter la souverainet\u00e9 de son espace a\u00e9rien, constituant ainsi une nouvelle agression extravagante, ill\u00e9gale et injustifi\u00e9e contre le peuple v\u00e9n\u00e9zu\u00e9lien\u00a0\u00bb.\n<\/p>\n<p>\n \u00ab\u00a0Ce type de d\u00e9clarations constitue un acte hostile, unilat\u00e9ral et arbitraire, incompatible avec les principes les plus \u00e9l\u00e9mentaires du droit international\u00a0\u00bb, ajoute le communiqu\u00e9 du minist\u00e8re des Affaires \u00e9trang\u00e8res.\n<\/p>\n<p>\n En outre, Caracas estime qu&rsquo;avec l&rsquo;annonce de M. Trump, Washington \u00ab\u00a0suspend de mani\u00e8re unilat\u00e9rale\u00a0\u00bb le rapatriement de migrants clandestins v\u00e9n\u00e9zu\u00e9liens expuls\u00e9s des Etats-Unis.\n<\/p>\n<p>\n \u00ab\u00a0A ce jour, 75 vols ont \u00e9t\u00e9 effectu\u00e9s pour le rapatriement de 13.956 personnes\u00a0\u00bb, rappelle le texte. Ces vols se poursuivaient malgr\u00e9 la crise entre les deux pays, Donald Trump ayant fait de la lutte contre l&rsquo;immigration clandestine une de ses priorit\u00e9s.\n<\/p>\n<p>\n Samedi, l&rsquo;a\u00e9roport de Maiquetia qui dessert Caracas fonctionnait normalement, a constat\u00e9 un journaliste de l&rsquo;AFP.\n<\/p>\n<p>\n Six compagnies a\u00e9riennes, dont Iberia, TAP et Turkish Airlines, ont toutefois suspendu cette semaine leurs liaisons avec le Venezuela pour des raisons de s\u00e9curit\u00e9, ce qui leur a valu de se voir retirer leurs licences par Caracas.\n<\/p>\n<p>\n Ces annulations perturbent les voyageurs. \u00ab\u00a0C&rsquo;\u00e9tait horrible, ce voyage est une odyss\u00e9e et j&rsquo;ai d\u00e9pens\u00e9 beaucoup d&rsquo;argent\u00a0\u00bb, explique Yusmaicar Salabarria 35 ans, m\u00e9decin v\u00e9n\u00e9zu\u00e9lienne vivant au Chili et revenue au pays pour les vacances.\n<\/p>\n<p>\n Partie de Santiago, elle a d\u00fb passer \u00e0 ses frais par Bogota, puis Cucuta o\u00f9 elle a travers\u00e9 la fronti\u00e8re \u00e0 pied pour prendre une ligne int\u00e9rieure v\u00e9n\u00e9zu\u00e9lienne. \u00ab\u00a0Je suis arriv\u00e9e \u00e0 10h30\u00a0\u00bb \u00e0 Caracas, raconte-t-elle. \u00ab\u00a0J&rsquo;ai mon vol pour Puerto Ordaz (nord-est) avec Rutaca (compagnie a\u00e9rienne, ndlr.) \u00e0 19h40\u00a0\u00bb.\n<\/p>\n<p> &#8211; Cartel des Soleils &#8211;<\/p>\n<p>\n Elle dit avoir voyag\u00e9 \u00ab\u00a0sans peur\u00a0\u00bb: \u00ab\u00a0ils (Etats-Unis) disent toujours qu&rsquo;ils vont attaquer, il faut vivre au jour le jour, seul Dieu sait ce qui va se passer\u00a0\u00bb.\n<\/p>\n<p>\n A Maracay, \u00e0 une centaine de kilom\u00e8tres de Caracas, des avions de combat Sukhoi et F-16 ont pris part \u00e0 un meeting a\u00e9ronautique, ont constat\u00e9 des journalistes de l&rsquo;AFP.\n<\/p>\n<p>\n Au pouvoir depuis 2013, le pr\u00e9sident socialiste Nicolas Maduro, h\u00e9ritier politique de Hugo Chavez, figure de la gauche radicale en Am\u00e9rique latine, a \u00e9t\u00e9 r\u00e9\u00e9lu en 2024 \u00e0 l&rsquo;issue d&rsquo;un scrutin contest\u00e9, marqu\u00e9 par des troubles et des arrestations massives.\n<\/p>\n<p>        <img decoding=\"async\" src=\"https:\/\/www.europesays.com\/fr\/wp-content\/uploads\/2025\/11\/23abedf10e34a37c740a51dfcb48c02a-760x399.jpg\" alt=\"Capture d'\u00e9cran d'une vid\u00e9o post\u00e9e sur X par le ministre am\u00e9ricain de la D\u00e9fense Pete Hegseth le 6 novembre 2025 montrant selon lui une frappe a\u00e9rienne sur un bateau accus\u00e9 de narcotrafic ( US Secretary of Defense Pete Hegseth's X Account \/ Handout )\" loading=\"eager\" fetchpriority=\"high\" width=\"760\" height=\"399\" style=\"max-width: 100%!important; height: auto;\"\/><\/p>\n<p class=\"c-image-news__legend\">Capture d&rsquo;\u00e9cran d&rsquo;une vid\u00e9o post\u00e9e sur X par le ministre am\u00e9ricain de la D\u00e9fense Pete Hegseth le 6 novembre 2025 montrant selon lui une frappe a\u00e9rienne sur un bateau accus\u00e9 de narcotrafic ( US Secretary of Defense Pete Hegseth&rsquo;s X Account \/ Handout )<\/p>\n<p>\n Les Etats-Unis ont men\u00e9 des frappes contre plus de 20 navires v\u00e9n\u00e9zu\u00e9liens soup\u00e7onn\u00e9s de trafic de drogue dans la mer des Cara\u00efbes et l&rsquo;oc\u00e9an Pacifique Est depuis d\u00e9but septembre, tuant au moins 83 personnes, sans fournir de preuves que les navires \u00e9taient utilis\u00e9s pour le trafic de drogue.\n<\/p>\n<p>\n Ces derniers jours, une activit\u00e9 constante d&rsquo;avions de combat am\u00e9ricains a \u00e9t\u00e9 enregistr\u00e9e \u00e0 quelques dizaines de kilom\u00e8tres des c\u00f4tes v\u00e9n\u00e9zu\u00e9liennes, selon des sites de suivi des a\u00e9ronefs.\n<\/p>\n<p>\n Le New York Times a indiqu\u00e9 vendredi que MM. Trump et Maduro s&rsquo;\u00e9taient r\u00e9cemment entretenus par t\u00e9l\u00e9phone et avaient discut\u00e9 d&rsquo;une possible rencontre aux \u00c9tats-Unis.\n<\/p>\n<p>        <img decoding=\"async\" src=\"https:\/\/www.europesays.com\/fr\/wp-content\/uploads\/2025\/11\/accf0ca5aa60d679dda30296a4462914-760x507.jpg\" alt=\"Un \u00e9cran d'information sur les vols \u00e0 l'a\u00e9roport international Simon Bolivar de Maiquetia, dans l'\u00c9tat de La Guaira, au Venezuela, le 27 novembre 2025, apr\u00e8s la d\u00e9cision du gouvernement d'interdire l'acc\u00e8s \u00e0 son territoire aux compagnies a\u00e9riennes \u00e9trang\u00e8res qui avaient cess\u00e9 de desservir le pays en raison des inqui\u00e9tudes li\u00e9es aux activit\u00e9s militaires am\u00e9ricaines ( AFP \/ Federico PARRA )\" loading=\"eager\" fetchpriority=\"high\" width=\"760\" height=\"507\" style=\"max-width: 100%!important; height: auto;\"\/><\/p>\n<p class=\"c-image-news__legend\">Un \u00e9cran d&rsquo;information sur les vols \u00e0 l&rsquo;a\u00e9roport international Simon Bolivar de Maiquetia, dans l&rsquo;\u00c9tat de La Guaira, au Venezuela, le 27 novembre 2025, apr\u00e8s la d\u00e9cision du gouvernement d&rsquo;interdire l&rsquo;acc\u00e8s \u00e0 son territoire aux compagnies a\u00e9riennes \u00e9trang\u00e8res qui avaient cess\u00e9 de desservir le pays en raison des inqui\u00e9tudes li\u00e9es aux activit\u00e9s militaires am\u00e9ricaines ( AFP \/ Federico PARRA )<\/p>\n<p>\n Washington a d\u00e9sign\u00e9 comme organisation terroriste \u00e9trang\u00e8re le Cartel des Soleils, une organisation dont l&rsquo;existence reste \u00e0 d\u00e9montrer selon de nombreux experts et qui, d&rsquo;apr\u00e8s Washington, serait dirig\u00e9e par le pr\u00e9sident Maduro.\n<\/p>\n<p>\n Jeudi, le pr\u00e9sident am\u00e9ricain avait d\u00e9clar\u00e9 que ses forces allaient tr\u00e8s bient\u00f4t commencer \u00e0 cibler des \u00ab\u00a0trafiquants de drogue v\u00e9n\u00e9zu\u00e9liens\u00a0\u00bb lors d&rsquo;op\u00e9rations terrestres.<\/p>\n","protected":false},"excerpt":{"rendered":"Le pr\u00e9sident am\u00e9ricain Donald Trump participe \u00e0 un appel vid\u00e9o avec des militaires depuis sa r\u00e9sidence de Mar-a-Lago&hellip;\n","protected":false},"author":2,"featured_media":567763,"comment_status":"","ping_status":"","sticky":false,"template":"","format":"standard","meta":{"footnotes":""},"categories":[5],"tags":[400,11,398,408,405,1011,27,403,14,402,399,404,12,401,406,407,28],"class_list":{"0":"post-567762","1":"post","2":"type-post","3":"status-publish","4":"format-standard","5":"has-post-thumbnail","7":"category-international","8":"tag-action-cac-40","9":"tag-actualites","10":"tag-bourse-de-paris","11":"tag-boursorama","12":"tag-cotations","13":"tag-fr","14":"tag-france","15":"tag-indices-devises","16":"tag-international","17":"tag-investir","18":"tag-investissement","19":"tag-marche-boursier","20":"tag-news","21":"tag-sicav","22":"tag-trackers","23":"tag-warrants","24":"tag-world"},"share_on_mastodon":{"url":"https:\/\/pubeurope.com\/@fr\/115635845741489480","error":""},"_links":{"self":[{"href":"https:\/\/www.europesays.com\/fr\/wp-json\/wp\/v2\/posts\/567762","targetHints":{"allow":["GET"]}}],"collection":[{"href":"https:\/\/www.europesays.com\/fr\/wp-json\/wp\/v2\/posts"}],"about":[{"href":"https:\/\/www.europesays.com\/fr\/wp-json\/wp\/v2\/types\/post"}],"author":[{"embeddable":true,"href":"https:\/\/www.europesays.com\/fr\/wp-json\/wp\/v2\/users\/2"}],"replies":[{"embeddable":true,"href":"https:\/\/www.europesays.com\/fr\/wp-json\/wp\/v2\/comments?post=567762"}],"version-history":[{"count":0,"href":"https:\/\/www.europesays.com\/fr\/wp-json\/wp\/v2\/posts\/567762\/revisions"}],"wp:featuredmedia":[{"embeddable":true,"href":"https:\/\/www.europesays.com\/fr\/wp-json\/wp\/v2\/media\/567763"}],"wp:attachment":[{"href":"https:\/\/www.europesays.com\/fr\/wp-json\/wp\/v2\/media?parent=567762"}],"wp:term":[{"taxonomy":"category","embeddable":true,"href":"https:\/\/www.europesays.com\/fr\/wp-json\/wp\/v2\/categories?post=567762"},{"taxonomy":"post_tag","embeddable":true,"href":"https:\/\/www.europesays.com\/fr\/wp-json\/wp\/v2\/tags?post=567762"}],"curies":[{"name":"wp","href":"https:\/\/api.w.org\/{rel}","templated":true}]}}