{"id":567773,"date":"2025-11-30T00:40:27","date_gmt":"2025-11-30T00:40:27","guid":{"rendered":"https:\/\/www.europesays.com\/fr\/567773\/"},"modified":"2025-11-30T00:40:27","modified_gmt":"2025-11-30T00:40:27","slug":"course-sur-route-10-km-de-la-saint-nicolas-thais-paris-jette-leponge","status":"publish","type":"post","link":"https:\/\/www.europesays.com\/fr\/567773\/","title":{"rendered":"Course sur route. 10\u00a0km de la Saint-Nicolas\u00a0: Tha\u00efs Paris jette l\u2019\u00e9ponge"},"content":{"rendered":"<p>10\u00a0km de la Saint-Nicolas<\/p>\n<p>Dimanche, \u00e0 Nancy (10\u00a0h)<\/p>\n<p>Sa joie de renouer (enfin) avec la comp\u00e9tition faisait plaisir \u00e0 voir\u00a0! Sa d\u00e9ception est \u00e9videmment au diapason\u2026 Poursuivie par les blessures depuis le mois de mars dernier, Tha\u00efs Paris ne s\u2019alignera pas <a href=\"https:\/\/www.estrepublicain.fr\/sport\/2025\/11\/26\/thais-paris-veut-rattraper-le-temps-perdu-aux-10-km-de-nancy-en-septembre-je-suis-veritablement-repartie-de-zero\" target=\"_blank\" rel=\"noopener\">sur le 10\u00a0km de la Saint-Nicolas dimanche matin.<\/a><\/p>\n<p>Victime de nouvelles douleurs persistantes \u00e0 l\u2019entra\u00eenement, la vice-championne de France Espoir (de cross) a pass\u00e9 jeudi et vendredi une batterie d\u2019examens m\u00e9dicaux (IRM\/scanners) qui ont r\u00e9v\u00e9l\u00e9 une fracture de fatigue (fissure au niveau de la t\u00eate du f\u00e9mur). Alors qu\u2019elle semblait revenir \u00e0 son meilleur niveau, l\u2019internationale nanc\u00e9ienne va ainsi devoir respecter six nouvelles semaines d\u2019arr\u00eat. Un vrai coup dur\u2026<\/p>\n","protected":false},"excerpt":{"rendered":"10\u00a0km de la Saint-Nicolas Dimanche, \u00e0 Nancy (10\u00a0h) Sa joie de renouer (enfin) avec la comp\u00e9tition faisait plaisir&hellip;\n","protected":false},"author":2,"featured_media":567774,"comment_status":"","ping_status":"","sticky":false,"template":"","format":"standard","meta":{"footnotes":""},"categories":[9635],"tags":[1111,11,4132,1704,1777,674,107,1701,1011,27,775,1702,1703,12,25,517,1700],"class_list":{"0":"post-567773","1":"post","2":"type-post","3":"status-publish","4":"format-standard","5":"has-post-thumbnail","7":"category-nancy","8":"tag-actu","9":"tag-actualites","10":"tag-athletisme","11":"tag-edition-nancy-et-agglomeration","12":"tag-eu","13":"tag-europe","14":"tag-fil-info","15":"tag-fil-info-sport","16":"tag-fr","17":"tag-france","18":"tag-grand-est","19":"tag-nancy","20":"tag-nancy-ville-54b","21":"tag-news","22":"tag-republique-francaise","23":"tag-sport","24":"tag-sport-lorrain"},"share_on_mastodon":{"url":"https:\/\/pubeurope.com\/@fr\/115635868321611136","error":""},"_links":{"self":[{"href":"https:\/\/www.europesays.com\/fr\/wp-json\/wp\/v2\/posts\/567773","targetHints":{"allow":["GET"]}}],"collection":[{"href":"https:\/\/www.europesays.com\/fr\/wp-json\/wp\/v2\/posts"}],"about":[{"href":"https:\/\/www.europesays.com\/fr\/wp-json\/wp\/v2\/types\/post"}],"author":[{"embeddable":true,"href":"https:\/\/www.europesays.com\/fr\/wp-json\/wp\/v2\/users\/2"}],"replies":[{"embeddable":true,"href":"https:\/\/www.europesays.com\/fr\/wp-json\/wp\/v2\/comments?post=567773"}],"version-history":[{"count":0,"href":"https:\/\/www.europesays.com\/fr\/wp-json\/wp\/v2\/posts\/567773\/revisions"}],"wp:featuredmedia":[{"embeddable":true,"href":"https:\/\/www.europesays.com\/fr\/wp-json\/wp\/v2\/media\/567774"}],"wp:attachment":[{"href":"https:\/\/www.europesays.com\/fr\/wp-json\/wp\/v2\/media?parent=567773"}],"wp:term":[{"taxonomy":"category","embeddable":true,"href":"https:\/\/www.europesays.com\/fr\/wp-json\/wp\/v2\/categories?post=567773"},{"taxonomy":"post_tag","embeddable":true,"href":"https:\/\/www.europesays.com\/fr\/wp-json\/wp\/v2\/tags?post=567773"}],"curies":[{"name":"wp","href":"https:\/\/api.w.org\/{rel}","templated":true}]}}