{"id":567783,"date":"2025-11-30T00:51:01","date_gmt":"2025-11-30T00:51:01","guid":{"rendered":"https:\/\/www.europesays.com\/fr\/567783\/"},"modified":"2025-11-30T00:51:01","modified_gmt":"2025-11-30T00:51:01","slug":"coupe-de-france-un-carton-rouge-qualifie-grenoble-coupe-de-france-64es-annecy-grenoble-1-2","status":"publish","type":"post","link":"https:\/\/www.europesays.com\/fr\/567783\/","title":{"rendered":"Coupe de France : un carton rouge qualifie Grenoble &#8211; Coupe de France &#8211; 64es &#8211; Annecy-Grenoble (1-2)"},"content":{"rendered":"<p>\t\t\t\u00a0<img decoding=\"async\" loading=\"lazy\" class=\"blason blason-grand\" src=\"https:\/\/www.europesays.com\/fr\/wp-content\/uploads\/2025\/08\/1754797197_457_grande.jpg\"\/> Annecy 1-2 Grenoble <img decoding=\"async\" loading=\"lazy\" class=\"blason blason-grand\" src=\"https:\/\/www.sofoot.com\/convert\/2023\/05\/20085456\/grenoble-foot-38.png\/grande.jpg\"\/><\/p>\n<p>Buts : Rambaud (4e, SP) pour Annecy \/\/ Diba (67e) et Diaby (79e) pour Grenoble<\/p>\n<p>14e minute, \u00e0 Annecy.<\/p>\n<p>Alors que les locaux m\u00e8nent d\u2019un but \u00e0 la suite de l\u2019ouverture du score pr\u00e9coce sign\u00e9e Thibaut Rambaud sur penalty, le tournant du match survient : auteur d\u2019une s\u00e9v\u00e8re intervention sur Ga\u00ebtan Paquiez, Cedric Makutungu \u00e9cope d\u2019un carton rouge et laisse ses co\u00e9quipiers \u00e0 dix. Et si ses partenaires vont longtemps r\u00e9sister, c\u2019est bien Grenoble qui se qualifie pour les 32es de finale de la Coupe de France.<\/p>\n<p>Renversement total en douze minutes<\/p>\n<p>Car malgr\u00e9 quelques occasions de break adverses, les visiteurs ont r\u00e9ussi \u00e0 trouver la faille en seconde p\u00e9riode : Lele Diba a d\u2019abord \u00e9galis\u00e9 de la t\u00eate sur corner, avant que Yadaly Diaby ne reprenne un centre de Matth\u00e9o Xantippe pour faire passer son \u00e9quipe devant. Cruel, mais plut\u00f4t logique quand on se retrouve en inf\u00e9riorit\u00e9 num\u00e9rique\u2026<\/p>\n<p>Et comme <a target=\"_blank\" href=\"https:\/\/www.sofoot.com\/articles\/marseille-redescend-de-sa-montagne\" rel=\"noopener\">ce n\u2019\u00e9tait pas l\u2019Olympique de Marseille en face<\/a>\u2026<\/p>\n<p>\t\t\t\t\t\t\t\t\t\t<a class=\"lien-connexe\" href=\"https:\/\/www.sofoot.com\/breves\/en-ligue-2-saint-etienne-conserve-sa-place-de-leader-messi-buteur-avec-pau-bastia-toujours-pas-vainqueur\" target=\"_blank\" rel=\"noopener\">Les Verts encore leaders, Messi buteur, Bastia toujours pas vainqueur <\/a>\t\t\t\t\t<\/p>\n","protected":false},"excerpt":{"rendered":"\u00a0 Annecy 1-2 Grenoble Buts : Rambaud (4e, SP) pour Annecy \/\/ Diba (67e) et Diaby (79e) pour&hellip;\n","protected":false},"author":2,"featured_media":567784,"comment_status":"","ping_status":"","sticky":false,"template":"","format":"standard","meta":{"footnotes":""},"categories":[9566],"tags":[1111,47,11,61,2430,69,65,64,1777,674,63,1011,27,2731,68,66,12,62,70,25,67],"class_list":{"0":"post-567783","1":"post","2":"type-post","3":"status-publish","4":"format-standard","5":"has-post-thumbnail","7":"category-grenoble","8":"tag-actu","9":"tag-actualite","10":"tag-actualites","11":"tag-actus-football","12":"tag-auvergne-rhone-alpes","13":"tag-bundesliga","14":"tag-championnats-europeens","15":"tag-equipe-de-france","16":"tag-eu","17":"tag-europe","18":"tag-football","19":"tag-fr","20":"tag-france","21":"tag-grenoble","22":"tag-ligua","23":"tag-ligue-1","24":"tag-news","25":"tag-news-foot","26":"tag-premier-league","27":"tag-republique-francaise","28":"tag-serie-a"},"share_on_mastodon":{"url":"https:\/\/pubeurope.com\/@fr\/115635912857586759","error":""},"_links":{"self":[{"href":"https:\/\/www.europesays.com\/fr\/wp-json\/wp\/v2\/posts\/567783","targetHints":{"allow":["GET"]}}],"collection":[{"href":"https:\/\/www.europesays.com\/fr\/wp-json\/wp\/v2\/posts"}],"about":[{"href":"https:\/\/www.europesays.com\/fr\/wp-json\/wp\/v2\/types\/post"}],"author":[{"embeddable":true,"href":"https:\/\/www.europesays.com\/fr\/wp-json\/wp\/v2\/users\/2"}],"replies":[{"embeddable":true,"href":"https:\/\/www.europesays.com\/fr\/wp-json\/wp\/v2\/comments?post=567783"}],"version-history":[{"count":0,"href":"https:\/\/www.europesays.com\/fr\/wp-json\/wp\/v2\/posts\/567783\/revisions"}],"wp:featuredmedia":[{"embeddable":true,"href":"https:\/\/www.europesays.com\/fr\/wp-json\/wp\/v2\/media\/567784"}],"wp:attachment":[{"href":"https:\/\/www.europesays.com\/fr\/wp-json\/wp\/v2\/media?parent=567783"}],"wp:term":[{"taxonomy":"category","embeddable":true,"href":"https:\/\/www.europesays.com\/fr\/wp-json\/wp\/v2\/categories?post=567783"},{"taxonomy":"post_tag","embeddable":true,"href":"https:\/\/www.europesays.com\/fr\/wp-json\/wp\/v2\/tags?post=567783"}],"curies":[{"name":"wp","href":"https:\/\/api.w.org\/{rel}","templated":true}]}}