{"id":567788,"date":"2025-11-30T00:55:15","date_gmt":"2025-11-30T00:55:15","guid":{"rendered":"https:\/\/www.europesays.com\/fr\/567788\/"},"modified":"2025-11-30T00:55:15","modified_gmt":"2025-11-30T00:55:15","slug":"schiltigheim-oxmo-puccino-a-la-hauteur-de-la-lune-pour-ses-adieux-a-la-briqueterie","status":"publish","type":"post","link":"https:\/\/www.europesays.com\/fr\/567788\/","title":{"rendered":"Schiltigheim. Oxmo Puccino \u00e0 \u201cla hauteur de la lune\u201d pour ses adieux, \u00e0 la Briqueterie"},"content":{"rendered":"<p>\u00ab\u00a0Ce n\u2019est pas une d\u00e9cision, c\u2019est sentir les choses et accepter\u00a0\u00bb. C\u2019est dans cet \u00e9tat d\u2019esprit, serein, apais\u00e9, qu\u2019 <a href=\"https:\/\/www.dna.fr\/edition-de-strasbourg\/2019\/06\/24\/oxmo-puccino-et-sa-nuit-du-reveil\" target=\"_blank\" rel=\"noopener\">Oxmo Puccino<\/a> a con\u00e7u La hauteur de la lune , sorti le 17\u00a0octobre dernier. \u00ab\u00a0Un bel album que j\u2019ai produit en pensant uniquement au public\u00a0\u00bb, assure l\u2019artiste franco-malien de 51 ans. Une \u0153uvre \u00e0 l\u2019image des 30 ans de carri\u00e8re de cette plume hors pair du rap et de la chanson fran\u00e7aise. Pour concevoir ce projet, il lui a justement fallu prendre de la hauteur et faire \u00ab\u00a0le tour de son parcours\u00a0\u00bb commenc\u00e9 dans les ann\u00e9es 1990 o\u00f9 il marque toute une g\u00e9n\u00e9ration avec son premier album Op\u00e9ra Puccino en 1998. Sur celui-ci figure un des plus grands classiques du hip-hop fran\u00e7ais, L\u2019enfant seul , o\u00f9 le public d\u00e9couvre un artiste qui s\u2019amuse \u00e0 jouer avec la langue dans un storytelling autour de sujets sensibles tels que la solitude et la perte de rep\u00e8res.<\/p>\n<p>Un style qu\u2019il n\u2019a jamais abandonn\u00e9, et encore bien reconnaissable dans son dernier projet. \u00ab\u00a0Le storytelling pour moi c\u2019est du jeu et je passe par cette discipline pour traiter de sujets graves comme dans le morceau Glock qui raconte l\u2019histoire d\u2019une arme \u00e0 feu qui se retrouve dans une rixe. C\u2019est plus touchant que d\u2019\u00e9voquer ce sujet de mani\u00e8re m\u00e9diatique, par exemple.\u00a0\u00bb<\/p>\n<p>Pour l\u2019accompagner dans cette ultime cr\u00e9ation, Oxmo Puccino a invit\u00e9 MC Solaar, <a href=\"https:\/\/www.lalsace.fr\/p\/vanessa-paradis\" target=\"_blank\" rel=\"noopener\">Vanessa Paradis<\/a>, mais aussi des artistes de la nouvelle g\u00e9n\u00e9ration comme Josman ou Tuerie. Cette g\u00e9n\u00e9ration \u00e0 qui il souhaite \u00e0 pr\u00e9sent transmettre son exp\u00e9rience, dans un genre musical de plus en plus complexe \u00e0 d\u00e9finir. <\/p>\n<p>  Place \u00e0 la transmission<\/p>\n<p>\u00ab\u00a0J\u2019ai commenc\u00e9 le rap peu apr\u00e8s ses d\u00e9buts, donc je connais ses codes. Aujourd\u2019hui les codes ont tellement chang\u00e9 qu\u2019on peut parler de vari\u00e9t\u00e9 ou de pop, la barri\u00e8re m\u00e9lodique entre rap et chanson s\u2019est effac\u00e9e. Mais on continue d\u2019appeler cette musique de la m\u00eame fa\u00e7on car c\u2019est l\u2019\u00e9nergie hip-hop qui s\u2019en d\u00e9gage\u00a0\u00bb, explique le rappeur.<\/p>\n<p>Mais \u00ab\u00a0hier n\u2019\u00e9tait pas meilleur\u00a0\u00bb, insiste-t-il notamment dans le premier extrait de La hauteur de la lune.<\/p>\n<p>Et avant de se consacrer \u00e0 la suite, il savoure chaque passage sur sc\u00e8ne avec son public dans le cadre d\u2019une tourn\u00e9e franco-belge. \u00ab\u00a0Les retrouvailles avec le public sont incroyables, en m\u00eame temps je suis le rappeur de l\u2019amour donc \u00e7a ne peut que bien se passer\u00a0\u00bb, s\u2019amuse Oxmo Puccino, attendu par ses fans alsaciens \u00e0 la Briqueterie \u00e0 Schiltigheim le 13\u00a0d\u00e9cembre. Dans une r\u00e9gion o\u00f9 \u00ab\u00a0l\u2019accueil fait qu\u2019[il] revien[t] toujours\u00a0\u00bb.<\/p>\n<p class=\"note\">Oxmo Puccino en concert \u00e0 la Briqueterie \u00e0 Schiltigheim, samedi 13\u00a0d\u00e9cembre. Premi\u00e8re partie\u00a0: Bob Marlich. Tarif\u00a0: 36,50\u00a0\u20ac. Billetterie sur artefact.org<\/p>\n","protected":false},"excerpt":{"rendered":"\u00ab\u00a0Ce n\u2019est pas une d\u00e9cision, c\u2019est sentir les choses et accepter\u00a0\u00bb. C\u2019est dans cet \u00e9tat d\u2019esprit, serein, apais\u00e9,&hellip;\n","protected":false},"author":2,"featured_media":567789,"comment_status":"","ping_status":"","sticky":false,"template":"","format":"standard","meta":{"footnotes":""},"categories":[2820],"tags":[1111,11,2389,1687,1777,674,107,1011,27,775,873,12,25,640],"class_list":{"0":"post-567788","1":"post","2":"type-post","3":"status-publish","4":"format-standard","5":"has-post-thumbnail","7":"category-strasbourg","8":"tag-actu","9":"tag-actualites","10":"tag-alsace","11":"tag-culture-loisirs","12":"tag-eu","13":"tag-europe","14":"tag-fil-info","15":"tag-fr","16":"tag-france","17":"tag-grand-est","18":"tag-musique","19":"tag-news","20":"tag-republique-francaise","21":"tag-strasbourg"},"share_on_mastodon":{"url":"https:\/\/pubeurope.com\/@fr\/115635927404678481","error":""},"_links":{"self":[{"href":"https:\/\/www.europesays.com\/fr\/wp-json\/wp\/v2\/posts\/567788","targetHints":{"allow":["GET"]}}],"collection":[{"href":"https:\/\/www.europesays.com\/fr\/wp-json\/wp\/v2\/posts"}],"about":[{"href":"https:\/\/www.europesays.com\/fr\/wp-json\/wp\/v2\/types\/post"}],"author":[{"embeddable":true,"href":"https:\/\/www.europesays.com\/fr\/wp-json\/wp\/v2\/users\/2"}],"replies":[{"embeddable":true,"href":"https:\/\/www.europesays.com\/fr\/wp-json\/wp\/v2\/comments?post=567788"}],"version-history":[{"count":0,"href":"https:\/\/www.europesays.com\/fr\/wp-json\/wp\/v2\/posts\/567788\/revisions"}],"wp:featuredmedia":[{"embeddable":true,"href":"https:\/\/www.europesays.com\/fr\/wp-json\/wp\/v2\/media\/567789"}],"wp:attachment":[{"href":"https:\/\/www.europesays.com\/fr\/wp-json\/wp\/v2\/media?parent=567788"}],"wp:term":[{"taxonomy":"category","embeddable":true,"href":"https:\/\/www.europesays.com\/fr\/wp-json\/wp\/v2\/categories?post=567788"},{"taxonomy":"post_tag","embeddable":true,"href":"https:\/\/www.europesays.com\/fr\/wp-json\/wp\/v2\/tags?post=567788"}],"curies":[{"name":"wp","href":"https:\/\/api.w.org\/{rel}","templated":true}]}}