{"id":567790,"date":"2025-11-30T00:56:17","date_gmt":"2025-11-30T00:56:17","guid":{"rendered":"https:\/\/www.europesays.com\/fr\/567790\/"},"modified":"2025-11-30T00:56:17","modified_gmt":"2025-11-30T00:56:17","slug":"previsions-du-dimanche-30-novembre-2025-2","status":"publish","type":"post","link":"https:\/\/www.europesays.com\/fr\/567790\/","title":{"rendered":"pr\u00e9visions du dimanche 30 novembre 2025"},"content":{"rendered":"<p>Le soleil aura du mal \u00e0 percer au milieu des nuages qui subsisteront sur Strasbourg dans la journ\u00e9e. Les valeurs seront de 7\u00b0C. La matin\u00e9e sera marqu\u00e9e par de la bruine. Il va faire environ 7\u00b0C. Une brise de sud soufflera doucement. Il faudra s&rsquo;attendre \u00e0 des perturbations l&rsquo;apr\u00e8s-midi, les Strasbourgeois se retrouveront sous de la pluie. Les temp\u00e9ratures seront de 6\u00b0C au minimum et de 7\u00b0C au maximum. Des pluies \u00e9parses sont pr\u00e9vues dans la soir\u00e9e. Le thermom\u00e8tre affichera 6\u00b0C en moyenne. Pendant votre sommeil, dans la nuit de dimanche \u00e0 lundi, le ciel sera pluvieux.<\/p>\n<p>Demain, les temp\u00e9ratures vont chuter de quelques degr\u00e9s \u00e0 Strasbourg. Il fera 5\u00b0C en moyenne. Un vent de nord-est rafra\u00eechira l\u00e9g\u00e8rement l&rsquo;atmosph\u00e8re. La m\u00e9t\u00e9o va progressivement s&rsquo;am\u00e9liorer dans la matin\u00e9e et laisser place \u00e0 des \u00e9claircies. On pr\u00e9voit des valeurs d&rsquo;environ 4\u00b0C. Demain apr\u00e8s-midi, les Strasbourgeois vont pouvoir profiter d&rsquo;un soleil magnifique. Les maximales pourront atteindre 6\u00b0C et les minimales seront de 4\u00b0C. Le ciel sera relativement lumineux, avec quelques \u00e9claircies demain soir.<\/p>\n<p>Les jours passent et ne changent pas. Il va faire un temps assez ensoleill\u00e9 avec des temp\u00e9ratures autour de 5\u00b0C.<\/p>\n<p><\/p>\n","protected":false},"excerpt":{"rendered":"Le soleil aura du mal \u00e0 percer au milieu des nuages qui subsisteront sur Strasbourg dans la journ\u00e9e.&hellip;\n","protected":false},"author":2,"featured_media":567791,"comment_status":"","ping_status":"","sticky":false,"template":"","format":"standard","meta":{"footnotes":""},"categories":[2820],"tags":[1111,11,1777,674,1011,27,775,12,2119,25,640],"class_list":{"0":"post-567790","1":"post","2":"type-post","3":"status-publish","4":"format-standard","5":"has-post-thumbnail","7":"category-strasbourg","8":"tag-actu","9":"tag-actualites","10":"tag-eu","11":"tag-europe","12":"tag-fr","13":"tag-france","14":"tag-grand-est","15":"tag-news","16":"tag-previsions-meteo","17":"tag-republique-francaise","18":"tag-strasbourg"},"share_on_mastodon":{"url":"https:\/\/pubeurope.com\/@fr\/115635931355645624","error":""},"_links":{"self":[{"href":"https:\/\/www.europesays.com\/fr\/wp-json\/wp\/v2\/posts\/567790","targetHints":{"allow":["GET"]}}],"collection":[{"href":"https:\/\/www.europesays.com\/fr\/wp-json\/wp\/v2\/posts"}],"about":[{"href":"https:\/\/www.europesays.com\/fr\/wp-json\/wp\/v2\/types\/post"}],"author":[{"embeddable":true,"href":"https:\/\/www.europesays.com\/fr\/wp-json\/wp\/v2\/users\/2"}],"replies":[{"embeddable":true,"href":"https:\/\/www.europesays.com\/fr\/wp-json\/wp\/v2\/comments?post=567790"}],"version-history":[{"count":0,"href":"https:\/\/www.europesays.com\/fr\/wp-json\/wp\/v2\/posts\/567790\/revisions"}],"wp:featuredmedia":[{"embeddable":true,"href":"https:\/\/www.europesays.com\/fr\/wp-json\/wp\/v2\/media\/567791"}],"wp:attachment":[{"href":"https:\/\/www.europesays.com\/fr\/wp-json\/wp\/v2\/media?parent=567790"}],"wp:term":[{"taxonomy":"category","embeddable":true,"href":"https:\/\/www.europesays.com\/fr\/wp-json\/wp\/v2\/categories?post=567790"},{"taxonomy":"post_tag","embeddable":true,"href":"https:\/\/www.europesays.com\/fr\/wp-json\/wp\/v2\/tags?post=567790"}],"curies":[{"name":"wp","href":"https:\/\/api.w.org\/{rel}","templated":true}]}}