{"id":567794,"date":"2025-11-30T00:58:30","date_gmt":"2025-11-30T00:58:30","guid":{"rendered":"https:\/\/www.europesays.com\/fr\/567794\/"},"modified":"2025-11-30T00:58:30","modified_gmt":"2025-11-30T00:58:30","slug":"franck-haise-fait-le-point-sur-la-situation-de-logc-nice-et-sa-situation-personnelle-avant-le-match-a-lorient","status":"publish","type":"post","link":"https:\/\/www.europesays.com\/fr\/567794\/","title":{"rendered":"Franck Haise fait le point sur la situation de l\u2019OGC Nice et sa situation personnelle avant le match \u00e0 Lorient"},"content":{"rendered":"<p class=\"fs-5 \">Deux jours apr\u00e8s le nouveau revers en Europa League \u00e0 Porto (3-0), Franck Haise s\u2019est pr\u00e9sent\u00e9 \u00e0 la presse du c\u00f4t\u00e9 du centre d\u2019entra\u00eenement, ce samedi midi. Au-del\u00e0 des performances du groupe et de la mauvaise passe (5 d\u00e9faites de rang entre championnat et coupe d\u2019Europe), le coach a forc\u00e9ment \u00e9t\u00e9 relanc\u00e9 sur ses d\u00e9clarations d\u2019apr\u00e8s-match au Portugal. Jeudi soir, le technicien avait indiqu\u00e9 qu\u2019il avait propos\u00e9 \u00e0 ses dirigeants d\u2019\u00eatre \u00ab le fusible \u00bb. \u00ab C\u2019est un m\u00e9tier passionnant, celui que j\u2019ai choisi et que j\u2019adore, avait entam\u00e9 le coach, avant de poursuivre. Mais il y a des moments difficiles. Les dirigeants peuvent vous le dire, je leur ai propos\u00e9 d\u2019\u00eatre l\u2019\u00e9lectrochoc apr\u00e8s Marseille. Si je dois \u00eatre le fusible, je le serai pour le bien du club. Semble-t-il qu\u2019\u00e0 date, ce n\u2019\u00e9tait pas la solution pour eux. \u00bb<\/p>\n<p>            <img src=\"https:\/\/www.europesays.com\/fr\/wp-content\/uploads\/2025\/11\/1764464310_600_3c27bda_upload-from-url-1-1005c2olicbq-data-art-16686130.jpg\"   loading=\"lazy\" decoding=\"async\" alt=\"Le pr\u00e9sident du Gym s\u2019est exprim\u00e9 durant pr\u00e8s d\u2019une heure par t\u00e9l\u00e9phone. \" class=\"img-fluid position-absolute w-100 object-fit-cover rounded-2\" width=\"600\" height=\"400\"\/><\/p>\n<blockquote class=\"p-4\">\n<p class=\"border-start border-4 border-primary f-serif fs-5 text-primary fw-semibold ps-5 mb-0\">\n            \u00ab\u00a0<strong>\u00ab Ceux qui connaissent mon contrat savent tr\u00e8s bien que m\u00eame si je devais partir, je ne toucherais pas la totalit\u00e9 de mes indemnit\u00e9s \u00bb<\/strong>\u00a0\u00bb\n        <\/p>\n<\/blockquote>\n<p class=\"fs-5 \">Ce samedi, donc, Franck Haise a \u00e9t\u00e9 invit\u00e9 \u00e0 d\u00e9velopper ses propos, \u00e0 la veille du d\u00e9placement des Aiglons \u00e0 Lorient (17 h 15). \u00ab Si j\u2019ai dit \u00e7a, c\u2019est parce que c\u2019est la r\u00e9alit\u00e9, c\u2019est aussi parce que je l\u2019avais dit aux joueurs avant le match. Pourquoi j\u2019ai dit que je ne d\u00e9missionnerais pas ? Parce que si je d\u00e9missionnais, je consid\u00e9rerais que je suis le seul et unique responsable. Je n\u2019enl\u00e8ve pas ma responsabilit\u00e9, mais je pense qu\u2019on est tous responsables de la situation. \u00bb<\/p>\n<p class=\"fs-5 \">Le coach ni\u00e7ois a-t-il \u00e9cart\u00e9 l\u2019id\u00e9e d\u2019une d\u00e9mission pour ne pas perdre les indemnit\u00e9s qu\u2019il toucherait en cas de licenciement ? \u00ab \u00c7a fait partie de la r\u00e9alit\u00e9. Ceux qui connaissent mon contrat savent tr\u00e8s bien que m\u00eame si je devais partir, je ne toucherais pas la totalit\u00e9 de mes indemnit\u00e9s. Et de loin. Si j\u2019\u00e9tais s\u00fbr \u00e0 100 % que j\u2019\u00e9tais le seul et unique responsable de la situation, intellectuellement, je devrais d\u00e9missionner. Mais je le r\u00e9p\u00e8te : ce n\u2019est pas le cas. Donc je ne d\u00e9missionnerai pas. \u00bb<\/p>\n","protected":false},"excerpt":{"rendered":"Deux jours apr\u00e8s le nouveau revers en Europa League \u00e0 Porto (3-0), Franck Haise s\u2019est pr\u00e9sent\u00e9 \u00e0 la&hellip;\n","protected":false},"author":2,"featured_media":567795,"comment_status":"","ping_status":"","sticky":false,"template":"","format":"standard","meta":{"footnotes":""},"categories":[2819],"tags":[1111,11,1777,674,1011,27,12,2401,54521,882,25],"class_list":{"0":"post-567794","1":"post","2":"type-post","3":"status-publish","4":"format-standard","5":"has-post-thumbnail","7":"category-nice","8":"tag-actu","9":"tag-actualites","10":"tag-eu","11":"tag-europe","12":"tag-fr","13":"tag-france","14":"tag-news","15":"tag-nice","16":"tag-ogcnice","17":"tag-provence-alpes-cote-dazur","18":"tag-republique-francaise"},"share_on_mastodon":{"url":"https:\/\/pubeurope.com\/@fr\/115635940045338373","error":""},"_links":{"self":[{"href":"https:\/\/www.europesays.com\/fr\/wp-json\/wp\/v2\/posts\/567794","targetHints":{"allow":["GET"]}}],"collection":[{"href":"https:\/\/www.europesays.com\/fr\/wp-json\/wp\/v2\/posts"}],"about":[{"href":"https:\/\/www.europesays.com\/fr\/wp-json\/wp\/v2\/types\/post"}],"author":[{"embeddable":true,"href":"https:\/\/www.europesays.com\/fr\/wp-json\/wp\/v2\/users\/2"}],"replies":[{"embeddable":true,"href":"https:\/\/www.europesays.com\/fr\/wp-json\/wp\/v2\/comments?post=567794"}],"version-history":[{"count":0,"href":"https:\/\/www.europesays.com\/fr\/wp-json\/wp\/v2\/posts\/567794\/revisions"}],"wp:featuredmedia":[{"embeddable":true,"href":"https:\/\/www.europesays.com\/fr\/wp-json\/wp\/v2\/media\/567795"}],"wp:attachment":[{"href":"https:\/\/www.europesays.com\/fr\/wp-json\/wp\/v2\/media?parent=567794"}],"wp:term":[{"taxonomy":"category","embeddable":true,"href":"https:\/\/www.europesays.com\/fr\/wp-json\/wp\/v2\/categories?post=567794"},{"taxonomy":"post_tag","embeddable":true,"href":"https:\/\/www.europesays.com\/fr\/wp-json\/wp\/v2\/tags?post=567794"}],"curies":[{"name":"wp","href":"https:\/\/api.w.org\/{rel}","templated":true}]}}