{"id":567797,"date":"2025-11-30T01:02:21","date_gmt":"2025-11-30T01:02:21","guid":{"rendered":"https:\/\/www.europesays.com\/fr\/567797\/"},"modified":"2025-11-30T01:02:21","modified_gmt":"2025-11-30T01:02:21","slug":"previsions-du-dimanche-30-novembre-2025-3","status":"publish","type":"post","link":"https:\/\/www.europesays.com\/fr\/567797\/","title":{"rendered":"pr\u00e9visions du dimanche 30 novembre 2025"},"content":{"rendered":"<p>La journ\u00e9e qui s&rsquo;annonce \u00e0 Nantes, promet d&rsquo;\u00eatre superbe et ensoleill\u00e9e ! Les temp\u00e9ratures avoisineront les 7\u00b0C. Un vent de nord-ouest rafra\u00eechira sensiblement l&rsquo;atmosph\u00e8re. Les Nantais vont avoir froid le matin : les temp\u00e9ratures ne vont pas d\u00e9passer 9\u00b0C. Le mercure affichera 6\u00b0C en moyenne. Les valeurs iront de 6 \u00e0 10\u00b0C sur l&rsquo;ensemble de l&rsquo;apr\u00e8s-midi. La m\u00e9t\u00e9o devrait s&rsquo;am\u00e9liorer pendant la soir\u00e9e. Les temp\u00e9ratures afficheront entre 5 et 6\u00b0C. Le ciel sera d\u00e9pourvu de nuages dans la nuit de dimanche \u00e0 lundi.<\/p>\n<p>Demain, c&rsquo;est une hausse de quelques degr\u00e9s que vont enregistrer les temp\u00e9ratures dans la ville de Nantes. Il va faire environ 8\u00b0C. Un vent de sud soufflera \u00e0 23 km\/h. Le temps va doucement s&rsquo;am\u00e9liorer dans la matin\u00e9e et laisser place \u00e0 des \u00e9claircies. Les valeurs s&rsquo;\u00e9chelonneront entre 4 et 9\u00b0C. L&rsquo;apparition du soleil demain apr\u00e8s-midi sera retard\u00e9e par beaucoup de nuages. Les nuages seront peu \u00e0 peu visibles. En revanche, une m\u00e9t\u00e9o plus chaude est \u00e0 pr\u00e9voir \u00e9tant donn\u00e9 que le mercure va conna\u00eetre une augmentation. Les temp\u00e9ratures seront comprises entre 9 et 11\u00b0C. Des \u00e9claircies sont pr\u00e9vues : on passera une soir\u00e9e agr\u00e9able.<\/p>\n<p>Des changements sont annonc\u00e9s pour les jours \u00e0 venir. Une am\u00e9lioration est pr\u00e9vue mercredi, tandis que la journ\u00e9e de mardi aura \u00e9t\u00e9 pluvieuse.<\/p>\n<p><\/p>\n","protected":false},"excerpt":{"rendered":"La journ\u00e9e qui s&rsquo;annonce \u00e0 Nantes, promet d&rsquo;\u00eatre superbe et ensoleill\u00e9e ! Les temp\u00e9ratures avoisineront les 7\u00b0C. Un&hellip;\n","protected":false},"author":2,"featured_media":567798,"comment_status":"","ping_status":"","sticky":false,"template":"","format":"standard","meta":{"footnotes":""},"categories":[2818],"tags":[1111,11,1777,674,1011,27,766,12,2636,2119,25],"class_list":{"0":"post-567797","1":"post","2":"type-post","3":"status-publish","4":"format-standard","5":"has-post-thumbnail","7":"category-nantes","8":"tag-actu","9":"tag-actualites","10":"tag-eu","11":"tag-europe","12":"tag-fr","13":"tag-france","14":"tag-nantes","15":"tag-news","16":"tag-pays-de-la-loire","17":"tag-previsions-meteo","18":"tag-republique-francaise"},"share_on_mastodon":{"url":"https:\/\/pubeurope.com\/@fr\/115635954956029581","error":""},"_links":{"self":[{"href":"https:\/\/www.europesays.com\/fr\/wp-json\/wp\/v2\/posts\/567797","targetHints":{"allow":["GET"]}}],"collection":[{"href":"https:\/\/www.europesays.com\/fr\/wp-json\/wp\/v2\/posts"}],"about":[{"href":"https:\/\/www.europesays.com\/fr\/wp-json\/wp\/v2\/types\/post"}],"author":[{"embeddable":true,"href":"https:\/\/www.europesays.com\/fr\/wp-json\/wp\/v2\/users\/2"}],"replies":[{"embeddable":true,"href":"https:\/\/www.europesays.com\/fr\/wp-json\/wp\/v2\/comments?post=567797"}],"version-history":[{"count":0,"href":"https:\/\/www.europesays.com\/fr\/wp-json\/wp\/v2\/posts\/567797\/revisions"}],"wp:featuredmedia":[{"embeddable":true,"href":"https:\/\/www.europesays.com\/fr\/wp-json\/wp\/v2\/media\/567798"}],"wp:attachment":[{"href":"https:\/\/www.europesays.com\/fr\/wp-json\/wp\/v2\/media?parent=567797"}],"wp:term":[{"taxonomy":"category","embeddable":true,"href":"https:\/\/www.europesays.com\/fr\/wp-json\/wp\/v2\/categories?post=567797"},{"taxonomy":"post_tag","embeddable":true,"href":"https:\/\/www.europesays.com\/fr\/wp-json\/wp\/v2\/tags?post=567797"}],"curies":[{"name":"wp","href":"https:\/\/api.w.org\/{rel}","templated":true}]}}