{"id":567806,"date":"2025-11-30T01:08:14","date_gmt":"2025-11-30T01:08:14","guid":{"rendered":"https:\/\/www.europesays.com\/fr\/567806\/"},"modified":"2025-11-30T01:08:14","modified_gmt":"2025-11-30T01:08:14","slug":"previsions-du-dimanche-30-novembre-2025-6","status":"publish","type":"post","link":"https:\/\/www.europesays.com\/fr\/567806\/","title":{"rendered":"pr\u00e9visions du dimanche 30 novembre 2025"},"content":{"rendered":"<p>Aujourd&rsquo;hui, les valeurs s&rsquo;\u00e9chelonneront entre 4 et 7\u00b0C \u00e0 Lille. Une brise de sud-ouest soufflera doucement. Le matin, le soleil sera cach\u00e9 derri\u00e8re des nuages. Il faudra pr\u00e9voir des perturbations, les Lillois se retrouveront sous des pluies \u00e9parses. Les temp\u00e9ratures avoisineront les 7\u00b0C. La ville profitera de quelques \u00e9claircies l&rsquo;apr\u00e8s-midi. Les temp\u00e9ratures afficheront entre 5\u00b0C et 7\u00b0C. Les Lillois vont avoir froid le soir : les temp\u00e9ratures ne vont pas d\u00e9passer 5\u00b0C. Le ciel sera d\u00e9pourvu de nuages dans la nuit de dimanche \u00e0 lundi.<\/p>\n<p>Une baisse des temp\u00e9ratures est pr\u00e9vue \u00e0 Lille, demain. On pr\u00e9voit des valeurs avoisinant 5\u00b0C. Un vent de sud, enregistrant 23 km\/h, soufflera. Le matin, l&rsquo;apparition du soleil sera retard\u00e9e par quelques nuages. Les nuages se montreront. Le thermom\u00e8tre affichera 5\u00b0C en moyenne. Des \u00e9claircies sont attendues : on passera un apr\u00e8s-midi agr\u00e9able. Les temp\u00e9ratures seront comprises entre 6 et 7\u00b0C. La m\u00e9t\u00e9o va progressivement se voiler au cours de la soir\u00e9e du fait de l&rsquo;arriv\u00e9e de nuages.<\/p>\n<p>Les jours se suivent et ne changent pas. Un ciel ensoleill\u00e9, avec des temp\u00e9ratures de 7\u00b0C en moyenne, est attendu.<\/p>\n<p><\/p>\n","protected":false},"excerpt":{"rendered":"Aujourd&rsquo;hui, les valeurs s&rsquo;\u00e9chelonneront entre 4 et 7\u00b0C \u00e0 Lille. Une brise de sud-ouest soufflera doucement. Le matin,&hellip;\n","protected":false},"author":2,"featured_media":567807,"comment_status":"","ping_status":"","sticky":false,"template":"","format":"standard","meta":{"footnotes":""},"categories":[2815],"tags":[1111,11,1777,674,1011,27,811,1307,12,2119,25],"class_list":{"0":"post-567806","1":"post","2":"type-post","3":"status-publish","4":"format-standard","5":"has-post-thumbnail","7":"category-lille","8":"tag-actu","9":"tag-actualites","10":"tag-eu","11":"tag-europe","12":"tag-fr","13":"tag-france","14":"tag-hauts-de-france","15":"tag-lille","16":"tag-news","17":"tag-previsions-meteo","18":"tag-republique-francaise"},"share_on_mastodon":{"url":"https:\/\/pubeurope.com\/@fr\/115635979014497559","error":""},"_links":{"self":[{"href":"https:\/\/www.europesays.com\/fr\/wp-json\/wp\/v2\/posts\/567806","targetHints":{"allow":["GET"]}}],"collection":[{"href":"https:\/\/www.europesays.com\/fr\/wp-json\/wp\/v2\/posts"}],"about":[{"href":"https:\/\/www.europesays.com\/fr\/wp-json\/wp\/v2\/types\/post"}],"author":[{"embeddable":true,"href":"https:\/\/www.europesays.com\/fr\/wp-json\/wp\/v2\/users\/2"}],"replies":[{"embeddable":true,"href":"https:\/\/www.europesays.com\/fr\/wp-json\/wp\/v2\/comments?post=567806"}],"version-history":[{"count":0,"href":"https:\/\/www.europesays.com\/fr\/wp-json\/wp\/v2\/posts\/567806\/revisions"}],"wp:featuredmedia":[{"embeddable":true,"href":"https:\/\/www.europesays.com\/fr\/wp-json\/wp\/v2\/media\/567807"}],"wp:attachment":[{"href":"https:\/\/www.europesays.com\/fr\/wp-json\/wp\/v2\/media?parent=567806"}],"wp:term":[{"taxonomy":"category","embeddable":true,"href":"https:\/\/www.europesays.com\/fr\/wp-json\/wp\/v2\/categories?post=567806"},{"taxonomy":"post_tag","embeddable":true,"href":"https:\/\/www.europesays.com\/fr\/wp-json\/wp\/v2\/tags?post=567806"}],"curies":[{"name":"wp","href":"https:\/\/api.w.org\/{rel}","templated":true}]}}