{"id":567808,"date":"2025-11-30T01:09:22","date_gmt":"2025-11-30T01:09:22","guid":{"rendered":"https:\/\/www.europesays.com\/fr\/567808\/"},"modified":"2025-11-30T01:09:22","modified_gmt":"2025-11-30T01:09:22","slug":"festival-primed-2025-la-mediterranee-en-pleine-effervescence","status":"publish","type":"post","link":"https:\/\/www.europesays.com\/fr\/567808\/","title":{"rendered":"[Festival] PriMed 2025 : La M\u00e9diterran\u00e9e en pleine effervescence"},"content":{"rendered":"<p>La 29e \u00e9dition du PriMed \u2013 Festival de la M\u00e9diterran\u00e9e en Images \u2013 se d\u00e9roule du 29 novembre au 6 d\u00e9cembre 2025 \u00e0 Marseille, \u00e0 la biblioth\u00e8que de l\u2019Alcazar, \u00e0 la mairie des 1er\/7e, au Mucem et au cin\u00e9ma Artplexe Canebi\u00e8re.<\/p>\n<p>Organis\u00e9 par le CMCA (Centre m\u00e9diterran\u00e9en de la communication audiovisuelle), en partenariat avec la R\u00e9gion Sud, ce festival d\u00e9di\u00e9 \u00e0 la promotion d\u2019oeuvres audiovisuelles, r\u00e9compense chaque ann\u00e9e des documentaires et des reportages dont les sujets traitent des probl\u00e9matiques de l\u2019aire culturelle m\u00e9diterran\u00e9enne.\u00a0<\/p>\n<p><img loading=\"lazy\" decoding=\"async\" width=\"1024\" height=\"576\" src=\"data:image\/svg+xml,%3Csvg%20xmlns=\" http:=\"\" alt=\"\" class=\"wp-image-380187\" data-lazy- data-lazy- data-lazy-src=\"https:\/\/www.europesays.com\/fr\/wp-content\/uploads\/2025\/11\/affiche-horizontal-primed2025-1024x576.jpg\"\/><a data-no-instant=\"1\" href=\"https:\/\/ampmetropole.fr\/missions\/strategie-environnementale\/alimentation-et-agriculture\/avec-les-halles-de-producteurs-la-metropole-cultive-le-bien-manger-en-provence\/\" rel=\"noopener nofollow\" class=\"a2t-link\" target=\"_blank\" aria-label=\"2025_1.2_11_HPD_1200x148 3\"><img loading=\"lazy\" decoding=\"async\" src=\"data:image\/svg+xml,%3Csvg%20xmlns=\" http:=\"\" alt=\"\" data-lazy- data-lazy- width=\"2048\" height=\"253\" style=\"display: inline-block;\" data-lazy-src=\"https:\/\/www.europesays.com\/fr\/wp-content\/uploads\/2025\/11\/2025_1.2_11_hpd_1200x148-3-scaled.jpg\"\/><\/a><\/p>\n<p>Au programme : 25 films, dont 16 r\u00e9alis\u00e9s ou cor\u00e9alis\u00e9s par des femmes, se d\u00e9roulant dans 15 pays m\u00e9diterran\u00e9ens, seront en lice pour remporter l\u2019une des neuf r\u00e9compenses, y compris le format court. Le jury, compos\u00e9 de professionnel.le.s de France T\u00e9l\u00e9visions, de l\u2019INA M\u00e9diterran\u00e9e, de la Rai (radio-t\u00e9l\u00e9vision italienne), de 2M (cha\u00eene de t\u00e9l\u00e9vision marocaine), sera pr\u00e9sid\u00e9 cette ann\u00e9e par Daphn\u00e9 Roza, responsable de la programmation documentaire au Festival du Film et Forum international sur les droits humains de Gen\u00e8ve. Il d\u00e9cernera quatre prix, en support \u00e0 la diffusion.<\/p>\n<p>Une semaine qui s\u2019annonce d\u2019ores et d\u00e9j\u00e0 passionnante et fructueuse pour les amateur.rice.s du genre, d\u2019autant que <strong>toutes les s\u00e9ances sont ouvertes au public et gratuites.\u00a0<\/strong><\/p>\n<p>Autre action, \u00e0 saluer, c\u00f4t\u00e9 \u00e9ducatif cette fois : la participation des coll\u00e9giens et des lyc\u00e9ens de plus d\u2019une trentaine d\u2019\u00e9tablissements de la R\u00e9gion Sud, invit\u00e9s \u00e0 visionner trois documentaires, \u00e0 d\u00e9battre ensemble, et \u00e0 voter pour le \u00ab\u00a0Prix des Jeunes de la M\u00e9diterran\u00e9e\u00a0\u00bb, avec d\u2019autres \u00e9l\u00e8ves du pourtour m\u00e9diterran\u00e9ens (Alg\u00e9rie, \u00c9gypte, Italie, Maroc et Tunisie)\u00a0<\/p>\n<blockquote class=\"wp-block-quote is-layout-flow wp-block-quote-is-layout-flow\">\n<p><strong>\u00ab Un regard incisif et profond\u00e9ment humain sur les r\u00e9alit\u00e9s plurielles de la M\u00e9diterran\u00e9e \u00bb <\/strong>(Val\u00e9rie Gerbault, D\u00e9l\u00e9gu\u00e9e G\u00e9n\u00e9rale du CMCA)<\/p>\n<\/blockquote>\n<p>Du Maghreb aux Balkans en passant par le Moyen-Orient ou l\u2019Europe, les films s\u00e9lectionn\u00e9s\u00a0portent la r\u00e9flexion sur les tensions et les bouleversements politiques, sociaux, culturels et environnementaux que traversent les populations des territoires m\u00e9diterran\u00e9ens.\u00a0<\/p>\n<p><img loading=\"lazy\" decoding=\"async\" width=\"1024\" height=\"721\" src=\"data:image\/svg+xml,%3Csvg%20xmlns=\" http:=\"\" alt=\"\" class=\"wp-image-380188\" data-lazy- data-lazy- data-lazy-src=\"https:\/\/www.europesays.com\/fr\/wp-content\/uploads\/2025\/11\/holding_liat_brandon_kramer.jpg\"\/>Holding Liat (Cr\u00e9dit DR)<\/p>\n<p>Les th\u00e9matiques abord\u00e9es lors de cette nouvelle \u00e9dition, en pr\u00e9sence des r\u00e9alisateur.rice.s sont les suivantes : <strong>Les r\u00e9cits de la question isra\u00eblo-palestinienne, <\/strong>d\u2019une part avec les s\u00e9ances de Holding Liat (Isra\u00ebl) de l\u2019am\u00e9ricain Brandon Kramer (prix du Meilleur Documentaire \u00e0 la 75e \u00e9dition de la Berlinale), Life and Death in Gaza \u2013 Territoires Palestiniens (Royaume-Uni) de Natasha Cox et The 1957 Transcript (Isra\u00ebl) de Ayelet Heller. <strong>Dire la guerre, <\/strong>d\u2019autre part, Green line de Sylvie Ballyot (France) ou encore I believe the portrait save me (Kosovo) d\u2019Alban Muja.<\/p>\n<p>D\u2019autres th\u00e9matiques pr\u00e9domineront \u00e9galement ce nouvel opus comme celles des <strong>luttes citoyennes et crises environnementales<\/strong>, avec notamment La promesse d\u2019Imane de Nadia Zouaoui (Alg\u00e9rie),Transalpin (France\/Italie)de Clara Nicolat et L\u00e9o Gatinot, <strong>des espoirs d\u2019une jeunesse en mouvement, <\/strong>Echoes from Borderland (Bosnie-Herzegovine) de Lara Mil\u00e9na Brose, Born to fight (Tunisie\/France) de Ala\u2019A Mohsen, ou encore <strong>sortir de<\/strong> <strong>l\u2019impasse<\/strong>, Bosco Grande (Italie) de Guiseppe Schilacci et Je suis la nuit en plein midi (France) de Gaspard Hirschi, un film hybride entre documentaire et fiction tourn\u00e9 \u00e0 Marseille.<\/p>\n<p><img loading=\"lazy\" decoding=\"async\" width=\"1024\" height=\"721\" src=\"data:image\/svg+xml,%3Csvg%20xmlns=\" http:=\"\" alt=\"Primed\" class=\"wp-image-380189\" data-lazy- data-lazy- data-lazy-src=\"https:\/\/www.europesays.com\/fr\/wp-content\/uploads\/2025\/11\/je-suis-la-nuit-en-plein-midi-1024x721.jpg\"\/>Je suis la nuit en plein midi de Gaspard Hirschi (Cr\u00e9dit DR)<\/p>\n<p>La c\u00e9r\u00e9monie de remise des prix aura lieu vendredi 5 d\u00e9cembre \u00e0 16h30 au cin\u00e9ma Artplexe Canebi\u00e8re, en pr\u00e9sence des r\u00e9alisateur.rice.s des 24 films en comp\u00e9tition qui d\u00e9couvriront le palmar\u00e8s.<\/p>\n<p class=\"has-background\" style=\"background-color:#f3f6f8\">Liens utiles :<\/p>\n<p><strong><a href=\"https:\/\/primed.tv\/primed-2025-la-selection-officielle\/\" data-type=\"link\" data-id=\"https:\/\/primed.tv\/primed-2025-la-selection-officielle\/\" target=\"_blank\" rel=\"noreferrer noopener\">Le d\u00e9tail du programme<\/a><\/strong><br \/>Le festival <a href=\"https:\/\/gomet.net\/?s=Primed\" data-type=\"link\" data-id=\"https:\/\/gomet.net\/?s=Primed\" target=\"_blank\" rel=\"noopener\"><strong>Primed dans nos archives<\/strong><\/a><br \/><strong><a href=\"https:\/\/gomet.net\/theme\/city-guide-2\/cinema\/\" target=\"_blank\" data-type=\"link\" data-id=\"https:\/\/gomet.net\/theme\/city-guide-2\/cinema\/\" rel=\"noreferrer noopener\">Notre rubrique Cin\u00e9ma<\/a><\/strong><\/p>\n","protected":false},"excerpt":{"rendered":"La 29e \u00e9dition du PriMed \u2013 Festival de la M\u00e9diterran\u00e9e en Images \u2013 se d\u00e9roule du 29 novembre&hellip;\n","protected":false},"author":2,"featured_media":567809,"comment_status":"","ping_status":"","sticky":false,"template":"","format":"standard","meta":{"footnotes":""},"categories":[2814],"tags":[1111,11,1777,674,1011,27,884,12,882,25],"class_list":{"0":"post-567808","1":"post","2":"type-post","3":"status-publish","4":"format-standard","5":"has-post-thumbnail","7":"category-marseille","8":"tag-actu","9":"tag-actualites","10":"tag-eu","11":"tag-europe","12":"tag-fr","13":"tag-france","14":"tag-marseille","15":"tag-news","16":"tag-provence-alpes-cote-dazur","17":"tag-republique-francaise"},"share_on_mastodon":{"url":"https:\/\/pubeurope.com\/@fr\/115635982420691652","error":""},"_links":{"self":[{"href":"https:\/\/www.europesays.com\/fr\/wp-json\/wp\/v2\/posts\/567808","targetHints":{"allow":["GET"]}}],"collection":[{"href":"https:\/\/www.europesays.com\/fr\/wp-json\/wp\/v2\/posts"}],"about":[{"href":"https:\/\/www.europesays.com\/fr\/wp-json\/wp\/v2\/types\/post"}],"author":[{"embeddable":true,"href":"https:\/\/www.europesays.com\/fr\/wp-json\/wp\/v2\/users\/2"}],"replies":[{"embeddable":true,"href":"https:\/\/www.europesays.com\/fr\/wp-json\/wp\/v2\/comments?post=567808"}],"version-history":[{"count":0,"href":"https:\/\/www.europesays.com\/fr\/wp-json\/wp\/v2\/posts\/567808\/revisions"}],"wp:featuredmedia":[{"embeddable":true,"href":"https:\/\/www.europesays.com\/fr\/wp-json\/wp\/v2\/media\/567809"}],"wp:attachment":[{"href":"https:\/\/www.europesays.com\/fr\/wp-json\/wp\/v2\/media?parent=567808"}],"wp:term":[{"taxonomy":"category","embeddable":true,"href":"https:\/\/www.europesays.com\/fr\/wp-json\/wp\/v2\/categories?post=567808"},{"taxonomy":"post_tag","embeddable":true,"href":"https:\/\/www.europesays.com\/fr\/wp-json\/wp\/v2\/tags?post=567808"}],"curies":[{"name":"wp","href":"https:\/\/api.w.org\/{rel}","templated":true}]}}