{"id":567810,"date":"2025-11-30T01:10:15","date_gmt":"2025-11-30T01:10:15","guid":{"rendered":"https:\/\/www.europesays.com\/fr\/567810\/"},"modified":"2025-11-30T01:10:15","modified_gmt":"2025-11-30T01:10:15","slug":"previsions-du-dimanche-30-novembre-2025-7","status":"publish","type":"post","link":"https:\/\/www.europesays.com\/fr\/567810\/","title":{"rendered":"pr\u00e9visions du dimanche 30 novembre 2025"},"content":{"rendered":"<p>Aujourd&rsquo;hui, le soleil sera dissimul\u00e9 derri\u00e8re des nuages \u00e0 Marseille, o\u00f9 le ciel sera voil\u00e9. Les temp\u00e9ratures s&rsquo;\u00e9chelonneront entre 11 et 13\u00b0C. Il est possible qu&rsquo;il y ait de petites averses le matin. Il va faire 12\u00b0C en moyenne. Une brise de sud-est soufflera doucement. Les valeurs seront comprises entre 12 et 13\u00b0C durant l&rsquo;apr\u00e8s-midi. La grisaille ne se dissipe toujours pas, il y aura encore des nuages le soir. Du mauvais temps est \u00e0 pr\u00e9voir. Des pluies \u00e9parses vont tomber. Les temp\u00e9ratures afficheront entre 11\u00b0C et 12\u00b0C. Durant la nuit de dimanche \u00e0 lundi, le ciel sera limpide.<\/p>\n<p>Demain, on verra l&rsquo;apparition de nuages \u00e0 Marseille. Une chute des temp\u00e9ratures est \u00e0 pr\u00e9voir. Les valeurs s&rsquo;\u00e9chelonneront entre 7 et 12\u00b0C. Un vent de nord-ouest rafra\u00eechira sensiblement l&rsquo;atmosph\u00e8re. D&rsquo;un autre c\u00f4t\u00e9, la m\u00e9t\u00e9o va peu \u00e0 peu s&rsquo;am\u00e9liorer dans la matin\u00e9e et laisser place \u00e0 des \u00e9claircies. Les maximales pourront atteindre 10\u00b0C et les minimales seront de 7\u00b0C. Demain apr\u00e8s-midi, des nuages se montreront. Il faudra anticiper des perturbations, les Marseillais se retrouveront sous des pluies \u00e9parses. Les temp\u00e9ratures seront de 11\u00b0C au plus bas et de 12\u00b0C au plus haut. Toujours de la grisaille demain soir. Les nuages vont s&rsquo;attarder. Des pluies \u00e9parses sont attendues.<\/p>\n<p>Des changements sont attendus pour les jours \u00e0 venir. Apr\u00e8s une journ\u00e9e nuageuse mardi, on pr\u00e9voit une d\u00e9gradation mercredi.<\/p>\n<p><\/p>\n","protected":false},"excerpt":{"rendered":"Aujourd&rsquo;hui, le soleil sera dissimul\u00e9 derri\u00e8re des nuages \u00e0 Marseille, o\u00f9 le ciel sera voil\u00e9. Les temp\u00e9ratures s&rsquo;\u00e9chelonneront&hellip;\n","protected":false},"author":2,"featured_media":567811,"comment_status":"","ping_status":"","sticky":false,"template":"","format":"standard","meta":{"footnotes":""},"categories":[2814],"tags":[1111,11,1777,674,1011,27,884,12,2119,882,25],"class_list":{"0":"post-567810","1":"post","2":"type-post","3":"status-publish","4":"format-standard","5":"has-post-thumbnail","7":"category-marseille","8":"tag-actu","9":"tag-actualites","10":"tag-eu","11":"tag-europe","12":"tag-fr","13":"tag-france","14":"tag-marseille","15":"tag-news","16":"tag-previsions-meteo","17":"tag-provence-alpes-cote-dazur","18":"tag-republique-francaise"},"share_on_mastodon":{"url":"https:\/\/pubeurope.com\/@fr\/115635986463911513","error":""},"_links":{"self":[{"href":"https:\/\/www.europesays.com\/fr\/wp-json\/wp\/v2\/posts\/567810","targetHints":{"allow":["GET"]}}],"collection":[{"href":"https:\/\/www.europesays.com\/fr\/wp-json\/wp\/v2\/posts"}],"about":[{"href":"https:\/\/www.europesays.com\/fr\/wp-json\/wp\/v2\/types\/post"}],"author":[{"embeddable":true,"href":"https:\/\/www.europesays.com\/fr\/wp-json\/wp\/v2\/users\/2"}],"replies":[{"embeddable":true,"href":"https:\/\/www.europesays.com\/fr\/wp-json\/wp\/v2\/comments?post=567810"}],"version-history":[{"count":0,"href":"https:\/\/www.europesays.com\/fr\/wp-json\/wp\/v2\/posts\/567810\/revisions"}],"wp:featuredmedia":[{"embeddable":true,"href":"https:\/\/www.europesays.com\/fr\/wp-json\/wp\/v2\/media\/567811"}],"wp:attachment":[{"href":"https:\/\/www.europesays.com\/fr\/wp-json\/wp\/v2\/media?parent=567810"}],"wp:term":[{"taxonomy":"category","embeddable":true,"href":"https:\/\/www.europesays.com\/fr\/wp-json\/wp\/v2\/categories?post=567810"},{"taxonomy":"post_tag","embeddable":true,"href":"https:\/\/www.europesays.com\/fr\/wp-json\/wp\/v2\/tags?post=567810"}],"curies":[{"name":"wp","href":"https:\/\/api.w.org\/{rel}","templated":true}]}}