{"id":567812,"date":"2025-11-30T01:11:25","date_gmt":"2025-11-30T01:11:25","guid":{"rendered":"https:\/\/www.europesays.com\/fr\/567812\/"},"modified":"2025-11-30T01:11:25","modified_gmt":"2025-11-30T01:11:25","slug":"metropole-de-lyon-la-circulation-de-tous-les-metros-lyonnais-a-ete-perturbee-ce-samedi-matin","status":"publish","type":"post","link":"https:\/\/www.europesays.com\/fr\/567812\/","title":{"rendered":"M\u00e9tropole de Lyon. La circulation de tous les m\u00e9tros lyonnais a \u00e9t\u00e9 perturb\u00e9e ce samedi matin"},"content":{"rendered":"<p>Un samedi matin \u00e0 ne pas prendre le m\u00e9tro. C&rsquo;est ce qu&rsquo;ont d\u00fb se dire de nombreux usagers ce 29 novembre au moment d&#8217;emprunter les TCL.<\/p>\n<p>Aux alentours de 8\u00a0h\u00a030, un d\u00e9faut de syst\u00e8me \u00e9lectrique \u00e9tait annonc\u00e9. Un incident majeur qui a provoqu\u00e9 de grosses perturbations sur le r\u00e9seau TCL, en particulier celui des m\u00e9tros. Le trafic de toutes les lignes &#8211; A, B, C et D &#8211; a \u00e9t\u00e9 stopp\u00e9 net.<\/p>\n<p>  Reprise \u00e0 12 h\u00a030 pour la ligne B<\/p>\n<p>Depuis 9 h 30, la circulation a repris progressivement, de mani\u00e8re irr\u00e9guli\u00e8re, sur l&rsquo;ensemble des lignes, sauf sur le m\u00e9tro B.<\/p>\n<p>Ce contenu est bloqu\u00e9 car vous n&rsquo;avez pas accept\u00e9 les cookies et autres traceurs.<\/p>\n<p>En cliquant sur \u00ab J\u2019accepte \u00bb, les cookies et autres traceurs seront d\u00e9pos\u00e9s et vous pourrez visualiser les contenus  (<a href=\"\" class=\"consentModule_policy\" target=\"_blank\" title=\"Consulter la politique de protection des donn\u00e9es du fournisseur\">plus d&rsquo;informations<\/a>).<\/p>\n<p>En cliquant sur \u00ab J\u2019accepte tous les cookies \u00bb, vous autorisez des d\u00e9p\u00f4ts de cookies et autres traceurs pour le stockage de vos donn\u00e9es sur nos sites et applications \u00e0 des fins de personnalisation et de ciblage publicitaire.<\/p>\n<p class=\"consentModule_secondaryText\">Vous gardez la possibilit\u00e9 de retirer votre consentement \u00e0 tout moment en consultant notre <a href=\"https:\/\/www.leprogres.fr\/protection-des-donnees\" target=\"_blank\" title=\"Consulter notre politique de protection des donn\u00e9es\" rel=\"noopener\">politique de protection des donn\u00e9es<\/a>. <br \/>&#13;<br \/>\n            <a href=\"https:\/\/www.leprogres.fr\/transport\/2025\/11\/29\/javascript:Didomi.notice.show()\" class=\"consentModule_cmp\" target=\"_blank\" rel=\"noopener\">G\u00e9rer mes choix<\/a>&#13;\n        <\/p>\n<p>&#13;<br \/>\n                        J&rsquo;accepte&#13;<br \/>\n            J&rsquo;accepte tous les cookies&#13;\n        <\/p>\n<p>Le trafic a \u00e9t\u00e9 un temps compl\u00e8tement interrompu. Vers 10 h 30, le trafic a repris partiellement, mais les stations de Charpennes Charles Hernu \u00e0 Saxe-Gambetta ne sont plus desservies. Des bus relais entre Jean-Mac\u00e9 et H\u00f4pital Lyon SUD ont \u00e9t\u00e9 d\u00e9p\u00each\u00e9s pour assurer le transport des voyageurs. \u00c0 10\u00a0h\u00a030, des tests informatiques \u00e9taient encore en cours pour d\u00e9terminer les causes de l&rsquo;incident.<\/p>\n<p>D&rsquo;abord annonc\u00e9e \u00e0 10 h 30, la reprise du trafic a eu lieu aux alentours de 12 h 30.<\/p>\n","protected":false},"excerpt":{"rendered":"Un samedi matin \u00e0 ne pas prendre le m\u00e9tro. C&rsquo;est ce qu&rsquo;ont d\u00fb se dire de nombreux usagers&hellip;\n","protected":false},"author":2,"featured_media":567813,"comment_status":"","ping_status":"","sticky":false,"template":"","format":"standard","meta":{"footnotes":""},"categories":[1889],"tags":[1111,11,2430,3152,2757,3153,3154,1777,674,107,1011,27,2428,12,25,2429,2803],"class_list":{"0":"post-567812","1":"post","2":"type-post","3":"status-publish","4":"format-standard","5":"has-post-thumbnail","7":"category-lyon","8":"tag-actu","9":"tag-actualites","10":"tag-auvergne-rhone-alpes","11":"tag-edition-est-lyonnais","12":"tag-edition-lyon-villeurbanne","13":"tag-edition-ouest-lyonnais","14":"tag-edition-sud-lyonnais","15":"tag-eu","16":"tag-europe","17":"tag-fil-info","18":"tag-fr","19":"tag-france","20":"tag-lyon","21":"tag-news","22":"tag-republique-francaise","23":"tag-rhone","24":"tag-transport"},"share_on_mastodon":{"url":"https:\/\/pubeurope.com\/@fr\/115635990301874992","error":""},"_links":{"self":[{"href":"https:\/\/www.europesays.com\/fr\/wp-json\/wp\/v2\/posts\/567812","targetHints":{"allow":["GET"]}}],"collection":[{"href":"https:\/\/www.europesays.com\/fr\/wp-json\/wp\/v2\/posts"}],"about":[{"href":"https:\/\/www.europesays.com\/fr\/wp-json\/wp\/v2\/types\/post"}],"author":[{"embeddable":true,"href":"https:\/\/www.europesays.com\/fr\/wp-json\/wp\/v2\/users\/2"}],"replies":[{"embeddable":true,"href":"https:\/\/www.europesays.com\/fr\/wp-json\/wp\/v2\/comments?post=567812"}],"version-history":[{"count":0,"href":"https:\/\/www.europesays.com\/fr\/wp-json\/wp\/v2\/posts\/567812\/revisions"}],"wp:featuredmedia":[{"embeddable":true,"href":"https:\/\/www.europesays.com\/fr\/wp-json\/wp\/v2\/media\/567813"}],"wp:attachment":[{"href":"https:\/\/www.europesays.com\/fr\/wp-json\/wp\/v2\/media?parent=567812"}],"wp:term":[{"taxonomy":"category","embeddable":true,"href":"https:\/\/www.europesays.com\/fr\/wp-json\/wp\/v2\/categories?post=567812"},{"taxonomy":"post_tag","embeddable":true,"href":"https:\/\/www.europesays.com\/fr\/wp-json\/wp\/v2\/tags?post=567812"}],"curies":[{"name":"wp","href":"https:\/\/api.w.org\/{rel}","templated":true}]}}