{"id":567814,"date":"2025-11-30T01:12:18","date_gmt":"2025-11-30T01:12:18","guid":{"rendered":"https:\/\/www.europesays.com\/fr\/567814\/"},"modified":"2025-11-30T01:12:18","modified_gmt":"2025-11-30T01:12:18","slug":"previsions-du-dimanche-30-novembre-2025-8","status":"publish","type":"post","link":"https:\/\/www.europesays.com\/fr\/567814\/","title":{"rendered":"pr\u00e9visions du dimanche 30 novembre 2025"},"content":{"rendered":"<p>\u00c0 Lyon, la journ\u00e9e va rester couverte \u00e0 cause de nuages qui perdurent dans le ciel. Les temp\u00e9ratures s&rsquo;\u00e9chelonneront de 5 \u00e0 8\u00b0C. Un petit vent de sud-est sera ressenti par les habitants. La grisaille ne se disperse toujours pas, il y aura encore des nuages le matin. Des pluies \u00e9parses tomberont. Les valeurs seront de 7\u00b0C au plus bas et de 8\u00b0C au plus haut. Il faudra pr\u00e9voir des perturbations l&rsquo;apr\u00e8s-midi, les Lyonnais se retrouveront sous de la bruine. Les temp\u00e9ratures seront comprises entre 5 et 7\u00b0C. De la bruine l\u00e9g\u00e8re est attendue dans la soir\u00e9e. Le mercure affichera 5\u00b0C en moyenne. Durant la nuit de dimanche \u00e0 lundi, le ciel sera pluvieux.<\/p>\n<p>La ville de Lyon profitera de quelques \u00e9claircies demain. Une baisse du mercure est attendue. Les valeurs s&rsquo;\u00e9chelonneront entre 1 et 7\u00b0C. Les Lyonnais vont avoir froid le matin : les temp\u00e9ratures ne vont pas d\u00e9passer 6\u00b0C. On anticipe des temp\u00e9ratures avoisinant 3\u00b0C. Une brise de nord-ouest soufflera l\u00e9g\u00e8rement. Les Lyonnais vont avoir froid demain apr\u00e8s-midi : les temp\u00e9ratures ne vont pas d\u00e9passer 7\u00b0C. Les valeurs afficheront entre 3 et 7\u00b0C. Des \u00e9claircies feront leur apparition dans la soir\u00e9e. Les temp\u00e9ratures tourneront autour des 3\u00b0C. Un l\u00e9ger vent de sud-est soufflera.<\/p>\n<p>On pr\u00e9voit une d\u00e9gradation mercredi, apr\u00e8s une journ\u00e9e nuageuse mardi.<\/p>\n<p><\/p>\n","protected":false},"excerpt":{"rendered":"\u00c0 Lyon, la journ\u00e9e va rester couverte \u00e0 cause de nuages qui perdurent dans le ciel. Les temp\u00e9ratures&hellip;\n","protected":false},"author":2,"featured_media":567815,"comment_status":"","ping_status":"","sticky":false,"template":"","format":"standard","meta":{"footnotes":""},"categories":[1889],"tags":[1111,11,2430,1777,674,1011,27,2428,12,2119,25],"class_list":{"0":"post-567814","1":"post","2":"type-post","3":"status-publish","4":"format-standard","5":"has-post-thumbnail","7":"category-lyon","8":"tag-actu","9":"tag-actualites","10":"tag-auvergne-rhone-alpes","11":"tag-eu","12":"tag-europe","13":"tag-fr","14":"tag-france","15":"tag-lyon","16":"tag-news","17":"tag-previsions-meteo","18":"tag-republique-francaise"},"share_on_mastodon":{"url":"https:\/\/pubeurope.com\/@fr\/115635994181987101","error":""},"_links":{"self":[{"href":"https:\/\/www.europesays.com\/fr\/wp-json\/wp\/v2\/posts\/567814","targetHints":{"allow":["GET"]}}],"collection":[{"href":"https:\/\/www.europesays.com\/fr\/wp-json\/wp\/v2\/posts"}],"about":[{"href":"https:\/\/www.europesays.com\/fr\/wp-json\/wp\/v2\/types\/post"}],"author":[{"embeddable":true,"href":"https:\/\/www.europesays.com\/fr\/wp-json\/wp\/v2\/users\/2"}],"replies":[{"embeddable":true,"href":"https:\/\/www.europesays.com\/fr\/wp-json\/wp\/v2\/comments?post=567814"}],"version-history":[{"count":0,"href":"https:\/\/www.europesays.com\/fr\/wp-json\/wp\/v2\/posts\/567814\/revisions"}],"wp:featuredmedia":[{"embeddable":true,"href":"https:\/\/www.europesays.com\/fr\/wp-json\/wp\/v2\/media\/567815"}],"wp:attachment":[{"href":"https:\/\/www.europesays.com\/fr\/wp-json\/wp\/v2\/media?parent=567814"}],"wp:term":[{"taxonomy":"category","embeddable":true,"href":"https:\/\/www.europesays.com\/fr\/wp-json\/wp\/v2\/categories?post=567814"},{"taxonomy":"post_tag","embeddable":true,"href":"https:\/\/www.europesays.com\/fr\/wp-json\/wp\/v2\/tags?post=567814"}],"curies":[{"name":"wp","href":"https:\/\/api.w.org\/{rel}","templated":true}]}}