{"id":567818,"date":"2025-11-30T01:15:24","date_gmt":"2025-11-30T01:15:24","guid":{"rendered":"https:\/\/www.europesays.com\/fr\/567818\/"},"modified":"2025-11-30T01:15:24","modified_gmt":"2025-11-30T01:15:24","slug":"larbitrage-de-clement-turpin-lors-de-monaco-psg-au-centre-des-debats","status":"publish","type":"post","link":"https:\/\/www.europesays.com\/fr\/567818\/","title":{"rendered":"L&rsquo;arbitrage de Cl\u00e9ment Turpin lors de Monaco-PSG au centre des d\u00e9bats"},"content":{"rendered":"\n<p class=\"Paragraph__content\" data-v-e14a34bc=\"\">Sur le terrain, l&rsquo;affiche entre <a href=\"https:\/\/www.lequipe.fr\/Football\/Actualites\/Monaco-respire-enfin-en-faisant-tomber-le-psg-l-om-peut-passer-leader-de-ligue-1-en-s-imposant-contre-toulouse\/1613295\" notaddlevel=\"true\" target=\"_blank\" rel=\"noopener\">Monaco et le PSG (1-0)<\/a>, deux clubs de Ligue des champions, a d\u00e9\u00e7u. Une fois la rencontre termin\u00e9e, c&rsquo;est l&rsquo;arbitrage de Cl\u00e9ment Turpin qui a aliment\u00e9 toutes les discussions dans les couloirs du stade Louis-II. Le Paris Saint-Germain s&rsquo;estime l\u00e9s\u00e9 et l&rsquo;a rapidement fait savoir, d&rsquo;abord discr\u00e8tement, puis publiquement.<\/p>\n<p>                        Turpin n&rsquo;a pas \u00e9t\u00e9 appel\u00e9 apr\u00e8s la grosse faute de Camara&#8230; <\/p>\n<p class=\"Paragraph__content\" data-v-e14a34bc=\"\">On jouait la douzi\u00e8me minute ce samedi au stade Louis-II. Lucas Chevalier, ballon dans les pieds, a un peu tard\u00e9 avant de relancer sur le c\u00f4t\u00e9 droit. Guettant l&rsquo;erreur, Lamine Camara a surgi mais compl\u00e8tement manqu\u00e9 son intervention en venant tacler sur la cheville droite du gardien parisien. Sans h\u00e9siter, Cl\u00e9ment Turpin a sorti un carton jaune, sans jamais sembler vouloir revenir sur sa d\u00e9cision.<\/p>\n<p>Au centre VAR, personne n&rsquo;a contest\u00e9 ce choix ni jug\u00e9 n\u00e9cessaire de demander \u00e0 l&rsquo;homme en noir de venir consulter les images. \u00ab\u00a0Il y a 100 fois rouge, et c&rsquo;est assez incroyable et illogique que ce ne soit pas le cas, <a href=\"https:\/\/www.lequipe.fr\/Football\/Actualites\/Selon-said-ennjimi-ancien-arbitre-international-il-y-a-100x-rouge-pour-lamine-camara-auteur-d-un-tacle-en-retard-sur-lucas-chevalier\/1613277\" notaddlevel=\"true\" target=\"_blank\" rel=\"noopener\">juge Sa\u00efd Ennjimi<\/a>, ancien arbitre international et consultant arbitrage pour L&rsquo;\u00c9quipe. Le Mon\u00e9gasque n&rsquo;a absolument aucune chance d&rsquo;avoir le ballon. C&rsquo;est un tacle d\u00e9coll\u00e9 du sol et tr\u00e8s en retard. Il attrape la cheville de Chevalier et aurait pu le blesser.\u00a0\u00bb<\/p>\n<p class=\"Paragraph__content\" data-v-e14a34bc=\"\">\u00c0 la mi-temps, le Paris Saint-Germain ne s&rsquo;est pas fait prier pour faire circuler des images de la cheville touch\u00e9e de Lucas Chevalier aupr\u00e8s de certains journalistes. Pour mettre la pression sur Cl\u00e9ment Turpin avant la deuxi\u00e8me p\u00e9riode\u00a0? \u00ab\u00a0On aurait pu penser que la faute \u00e9tait plus spectaculaire que grave, mais ce n&rsquo;est pas le cas, poursuit Ennjimi. C&rsquo;est carton rouge \u00e9carlate et il est difficile de comprendre que le VAR ne soit pas intervenu pour revenir sur la d\u00e9cision.\u00a0\u00bb<\/p>\n<p>Apr\u00e8s le travail en coulisses, les acteurs ont pris le relais \u00e0 l&rsquo;issue de la rencontre. Lucas Chevalier, <a href=\"https:\/\/www.lequipe.fr\/Football\/Actualites\/Lucas-chevalier-au-sujet-du-tacle-de-lamine-camara-lors-de-monaco-psg-ma-carriere-aurait-pu-prendre-un-autre-tournant-aujourd-hui\/1613302\" notaddlevel=\"true\" target=\"_blank\" rel=\"noopener\">d&rsquo;abord, aupr\u00e8s de beIN Sports<\/a>\u00a0: \u00ab\u00a0Tout le monde a vu, ma carri\u00e8re aurait pu prendre un autre tournant aujourd&rsquo;hui. Je crois qu&rsquo;il y a des gestes qu&rsquo;on doit \u00e9viter parfois. J&rsquo;ai eu beaucoup de chance aujourd&rsquo;hui.\u00a0\u00bb Une th\u00e8se poursuivie ensuite par son entra\u00eeneur, Luis Enrique\u00a0: \u00ab\u00a0Ce que je peux dire, c&rsquo;est que Lucas Chevalier a eu beaucoup de chance aujourd&rsquo;hui. Vous devez poser la question\u00a0: \u00ab\u00a0Pourquoi l&rsquo;arbitre n&rsquo;est pas all\u00e9 voir les images\u00a0?\u00a0\u00bb \u00e0 la personne qui a d\u00e9cid\u00e9 de ne pas les voir. Je voudrais parler beaucoup, beaucoup, beaucoup, mais je pr\u00e9f\u00e8re dire que Lucas a eu beaucoup de chance aujourd&rsquo;hui. C&rsquo;est suffisant, il faut lire entre les lignes&#8230;\u00a0\u00bb<\/p>\n<p>Peu apr\u00e8s 19h30, Lucas Chevalier quittait l&rsquo;enceinte mon\u00e9gasque en boitant l\u00e9g\u00e8rement, alors que Gianluigi Donnarumma avait d\u00e9j\u00e0 <a href=\"https:\/\/www.lequipe.fr\/Football\/Actualites\/Wilfried-singo-manque-son-tir-et-pietine-le-visage-de-gianluigi-donnarumma\/1527397\" notaddlevel=\"true\" target=\"_blank\" rel=\"noopener\">\u00e9t\u00e9 bless\u00e9 assez spectaculairement au visage<\/a> par Wilfried Singo lors de Monaco-PSG (2-4), le 18\u00a0d\u00e9cembre 2024. D\u00e9j\u00e0 averti plus t\u00f4t dans la rencontre, le d\u00e9fenseur ivoirien n&rsquo;avait lui m\u00eame pas re\u00e7u de carton jaune pour cette faute et avait lui aussi pu finir la rencontre.<\/p>\n<p>                        &#8230; mais l&rsquo;a \u00e9t\u00e9 sur celle de Kehrer <\/p>\n<p class=\"Paragraph__content\" data-v-e14a34bc=\"\">C&rsquo;est vieux comme le football, mais personne n&rsquo;est jamais d&rsquo;accord concernant l&rsquo;arbitrage, et Monaco n&rsquo;a pas d\u00e9rog\u00e9 \u00e0 la r\u00e8gle ce samedi. \u00ab\u00a0Je suis un peu fatigu\u00e9 de parler de l&rsquo;arbitre, expliquait Thiago Scuro, le directeur g\u00e9n\u00e9ral de l&rsquo;ASM. \u00c7a devient ennuyant. Si la F\u00e9d\u00e9ration est heureuse, si Monsieur Gautier (le patron des arbitres) est heureux, on ne peut rien faire. J&rsquo;ai essay\u00e9 beaucoup de choses, dans des directions diff\u00e9rentes&#8230; Pour moi, ce n&rsquo;est pas un carton rouge, et ce n&rsquo;est pas un carton rouge non plus pour Thilo Kehrer. Les gens continuent de s&rsquo;excuser apr\u00e8s avoir fait des erreurs, comme c&rsquo;\u00e9tait le cas apr\u00e8s le carton rouge de Balogun. Mais les semaines passent et les erreurs continuent&#8230;\u00a0\u00bb<\/p>\n<p class=\"Paragraph__content\" data-v-e14a34bc=\"\">Chacun a d\u00e9fendu son camp et laissait Cl\u00e9ment Turpin seul face \u00e0 son jugement. Les Mon\u00e9gasques ont estim\u00e9 que Thilo Kehrer ne m\u00e9ritait pas de carton rouge. L\u00e0 aussi, l&rsquo;arbitre avait dans un premier temps d\u00e9cid\u00e9 de sortir le carton jaune avant, cette fois, d&rsquo;aller consulter les images et de modifier sa d\u00e9cision (80e), expliquant aux Mon\u00e9gasques que l&rsquo;Allemand annihilait clairement une occasion de but. Personne, en revanche, n&rsquo;a \u00e9voqu\u00e9 la d\u00e9cision du VAR de valider le but de Takumi Minamino (69e) apr\u00e8s un hors-jeu passif de Folarin Balogun. Au moins un choix qui n&rsquo;a pas fait d\u00e9bat.<\/p>\n","protected":false},"excerpt":{"rendered":"Sur le terrain, l&rsquo;affiche entre Monaco et le PSG (1-0), deux clubs de Ligue des champions, a d\u00e9\u00e7u.&hellip;\n","protected":false},"author":2,"featured_media":567819,"comment_status":"","ping_status":"","sticky":false,"template":"","format":"standard","meta":{"footnotes":""},"categories":[1888],"tags":[1111,1928,11,1927,1777,674,1011,27,12,1926,626,1925,25],"class_list":{"0":"post-567818","1":"post","2":"type-post","3":"status-publish","4":"format-standard","5":"has-post-thumbnail","7":"category-paris","8":"tag-actu","9":"tag-actu-paris","10":"tag-actualites","11":"tag-actualites-paris","12":"tag-eu","13":"tag-europe","14":"tag-fr","15":"tag-france","16":"tag-news","17":"tag-news-paris","18":"tag-paris","19":"tag-paris-news","20":"tag-republique-francaise"},"share_on_mastodon":{"url":"https:\/\/pubeurope.com\/@fr\/115636005983692001","error":""},"_links":{"self":[{"href":"https:\/\/www.europesays.com\/fr\/wp-json\/wp\/v2\/posts\/567818","targetHints":{"allow":["GET"]}}],"collection":[{"href":"https:\/\/www.europesays.com\/fr\/wp-json\/wp\/v2\/posts"}],"about":[{"href":"https:\/\/www.europesays.com\/fr\/wp-json\/wp\/v2\/types\/post"}],"author":[{"embeddable":true,"href":"https:\/\/www.europesays.com\/fr\/wp-json\/wp\/v2\/users\/2"}],"replies":[{"embeddable":true,"href":"https:\/\/www.europesays.com\/fr\/wp-json\/wp\/v2\/comments?post=567818"}],"version-history":[{"count":0,"href":"https:\/\/www.europesays.com\/fr\/wp-json\/wp\/v2\/posts\/567818\/revisions"}],"wp:featuredmedia":[{"embeddable":true,"href":"https:\/\/www.europesays.com\/fr\/wp-json\/wp\/v2\/media\/567819"}],"wp:attachment":[{"href":"https:\/\/www.europesays.com\/fr\/wp-json\/wp\/v2\/media?parent=567818"}],"wp:term":[{"taxonomy":"category","embeddable":true,"href":"https:\/\/www.europesays.com\/fr\/wp-json\/wp\/v2\/categories?post=567818"},{"taxonomy":"post_tag","embeddable":true,"href":"https:\/\/www.europesays.com\/fr\/wp-json\/wp\/v2\/tags?post=567818"}],"curies":[{"name":"wp","href":"https:\/\/api.w.org\/{rel}","templated":true}]}}