{"id":567820,"date":"2025-11-30T01:16:18","date_gmt":"2025-11-30T01:16:18","guid":{"rendered":"https:\/\/www.europesays.com\/fr\/567820\/"},"modified":"2025-11-30T01:16:18","modified_gmt":"2025-11-30T01:16:18","slug":"emmanuel-macron-recevra-volodymyr-zelensky-lundi-a-paris-4","status":"publish","type":"post","link":"https:\/\/www.europesays.com\/fr\/567820\/","title":{"rendered":"Emmanuel Macron recevra Volodymyr Zelensky lundi \u00e0 Paris"},"content":{"rendered":"<p>\n    \u00abLes deux dirigeants \u00e9changeront sur la situation et sur les conditions d\u2019une paix juste et durable, dans la continuit\u00e9 des discussions de Gen\u00e8ve\u00bb, a indiqu\u00e9 la pr\u00e9sidence fran\u00e7aise.<\/p>\n<p class=\"fig-paragraph\">Le pr\u00e9sident fran\u00e7ais Emmanuel Macron recevra lundi \u00e0 Paris son homologue ukrainien\u00a0<a href=\"http:\/\/www.lefigaro.fr\/international\/perquisitions-anticorruption-en-ukraine-le-chef-de-cabinet-de-zelensky-a-remis-sa-demission-20251128\" data-fig-type=\"NewsFlash\" data-gtm-custom-categorie=\"navigation\" data-gtm-custom-action=\"crossclick\" data-gtm-custom-label=\"Contextuel\" data-gtm-event=\"customEventSPE\" data-fig-domain=\"LEFIGARO\" target=\"_blank\" rel=\"noopener\">Volodymyr Zelensky<\/a>, a annonc\u00e9 samedi l&rsquo;\u00c9lys\u00e9e. Une \u00e9quipe de n\u00e9gociateurs ukrainiens est partie quant \u00e0 elle pour les \u00c9tats-Unis, afin de discuter du plan am\u00e9ricain visant \u00e0\u00a0<a href=\"http:\/\/www.lefigaro.fr\/international\/plan-de-paix-americain-pour-l-ukraine-que-contient-la-contre-proposition-europeenne-20251124\" data-fig-type=\"Article\" data-gtm-custom-categorie=\"navigation\" data-gtm-custom-action=\"crossclick\" data-gtm-custom-label=\"Contextuel\" data-gtm-event=\"customEventSPE\" data-fig-domain=\"LEFIGARO\" target=\"_blank\" rel=\"noopener\">mettre fin au conflit avec la Russie<\/a>.<\/p>\n<p class=\"fig-paragraph\">\u00abLes deux dirigeants \u00e9changeront sur la situation et sur les conditions d&rsquo;une paix juste et durable, dans la continuit\u00e9 des discussions de Gen\u00e8ve et du plan am\u00e9ricain et d&rsquo;une concertation \u00e9troite avec nos partenaires europ\u00e9ens. Ils feront \u00e9galement le point sur le travail engag\u00e9 sur les garanties de s\u00e9curit\u00e9 dans le cadre de la coalition des volontaires\u00bb, a indiqu\u00e9 la pr\u00e9sidence fran\u00e7aise.<\/p>\n<p>                                            <a class=\"fig-a11y-skip\" href=\"#fig-a11y-skip-main-inarticle\" data-module=\"a11y-skip\" data-context=\"was @visible\"><br \/>\n    Passer la publicit\u00e9<br \/>\n<\/a>            <\/p>\n<p class=\"fig-paragraph\">Kiev a \u00e9t\u00e9 la cible dans la nuit de vendredi \u00e0 samedi\u00a0<a href=\"http:\/\/www.lefigaro.fr\/international\/guerre-en-ukraine-de-fortes-explosions-entendues-dans-le-centre-de-kiev-20251129\" data-fig-type=\"NewsFlash\" data-gtm-custom-categorie=\"navigation\" data-gtm-custom-action=\"crossclick\" data-gtm-custom-label=\"Contextuel\" data-gtm-event=\"customEventSPE\" data-fig-domain=\"LEFIGARO\" target=\"_blank\" rel=\"noopener\">d&rsquo;une nouvelle attaque de drones russes<\/a>, quelques heures apr\u00e8s que M. Zelensky eut limog\u00e9 son chef de cabinet, Andri\u00ef Iermak, bras droit extr\u00eamement influent, \u00e0 la suite d&rsquo;une enqu\u00eate anticorruption.<\/p>\n","protected":false},"excerpt":{"rendered":"\u00abLes deux dirigeants \u00e9changeront sur la situation et sur les conditions d\u2019une paix juste et durable, dans la&hellip;\n","protected":false},"author":2,"featured_media":567821,"comment_status":"","ping_status":"","sticky":false,"template":"","format":"standard","meta":{"footnotes":""},"categories":[1888],"tags":[1111,1928,11,1927,1777,674,1011,27,131,11514,12,1926,626,1925,25,134],"class_list":{"0":"post-567820","1":"post","2":"type-post","3":"status-publish","4":"format-standard","5":"has-post-thumbnail","7":"category-paris","8":"tag-actu","9":"tag-actu-paris","10":"tag-actualites","11":"tag-actualites-paris","12":"tag-eu","13":"tag-europe","14":"tag-fr","15":"tag-france","16":"tag-guerre-en-ukraine","17":"tag-macron","18":"tag-news","19":"tag-news-paris","20":"tag-paris","21":"tag-paris-news","22":"tag-republique-francaise","23":"tag-volodymyr-zelensky"},"share_on_mastodon":{"url":"https:\/\/pubeurope.com\/@fr\/115636009911188550","error":""},"_links":{"self":[{"href":"https:\/\/www.europesays.com\/fr\/wp-json\/wp\/v2\/posts\/567820","targetHints":{"allow":["GET"]}}],"collection":[{"href":"https:\/\/www.europesays.com\/fr\/wp-json\/wp\/v2\/posts"}],"about":[{"href":"https:\/\/www.europesays.com\/fr\/wp-json\/wp\/v2\/types\/post"}],"author":[{"embeddable":true,"href":"https:\/\/www.europesays.com\/fr\/wp-json\/wp\/v2\/users\/2"}],"replies":[{"embeddable":true,"href":"https:\/\/www.europesays.com\/fr\/wp-json\/wp\/v2\/comments?post=567820"}],"version-history":[{"count":0,"href":"https:\/\/www.europesays.com\/fr\/wp-json\/wp\/v2\/posts\/567820\/revisions"}],"wp:featuredmedia":[{"embeddable":true,"href":"https:\/\/www.europesays.com\/fr\/wp-json\/wp\/v2\/media\/567821"}],"wp:attachment":[{"href":"https:\/\/www.europesays.com\/fr\/wp-json\/wp\/v2\/media?parent=567820"}],"wp:term":[{"taxonomy":"category","embeddable":true,"href":"https:\/\/www.europesays.com\/fr\/wp-json\/wp\/v2\/categories?post=567820"},{"taxonomy":"post_tag","embeddable":true,"href":"https:\/\/www.europesays.com\/fr\/wp-json\/wp\/v2\/tags?post=567820"}],"curies":[{"name":"wp","href":"https:\/\/api.w.org\/{rel}","templated":true}]}}