{"id":567834,"date":"2025-11-30T01:24:24","date_gmt":"2025-11-30T01:24:24","guid":{"rendered":"https:\/\/www.europesays.com\/fr\/567834\/"},"modified":"2025-11-30T01:24:24","modified_gmt":"2025-11-30T01:24:24","slug":"3-mde-daides-2026-pour-voitures-electriques","status":"publish","type":"post","link":"https:\/\/www.europesays.com\/fr\/567834\/","title":{"rendered":"3 Md\u20ac d\u2019aides 2026 pour voitures \u00e9lectriques"},"content":{"rendered":"<p>L\u2019Allemagne lance en 2026 3 Md\u20ac d\u2019aides aux v\u00e9hicules \u00e9lectriques: 3 000\u20134 000 \u20ac pour m\u00e9nages modestes, plafond 45 000 \u20ac. L\u2019Espagne risque de d\u00e9crocher.<\/p>\n<p>L\u2019Allemagne ent\u00e9rine une nouvelle offensive d\u2019ampleur en faveur de la mobilit\u00e9 \u00e9lectrique: en 2026, un paquet d\u2019aides de 3 milliards d\u2019euros entrera en vigueur. Cibl\u00e9 sur les m\u00e9nages \u00e0 revenus moyens et modestes, il doit acc\u00e9l\u00e9rer le basculement vers des transports plus propres. Le coup de pouce de base atteindra 3 000 euros pour l\u2019achat ou la location d\u2019une voiture \u00e9lectrique, port\u00e9 \u00e0 4 000 euros pour les foyers avec enfants. Des garde-fous sont pr\u00e9vus: le soutien concerne uniquement les mod\u00e8les affich\u00e9s jusqu\u2019\u00e0 45 000 euros et dont les \u00e9missions sont inf\u00e9rieures \u00e0 50 g\/km, ce qui \u00e9carte de fait les hybrides rechargeables les moins efficients. Ce cadrage oriente les fonds vers des options sobres et vraiment grand public.<\/p>\n<p>Apr\u00e8s des mois de n\u00e9gociations, la coalition au pouvoir a fait du volet social la signature du programme. L\u2019inclusion des voitures \u00e9lectriques d\u2019occasion est \u00e9galement \u00e0 l\u2019\u00e9tude, une \u00e9volution qui pourrait \u00e9largir l\u2019acc\u00e8s et densifier la couverture du march\u00e9. En parall\u00e8le, Berlin consolide sa strat\u00e9gie industrielle: en stimulant la demande, le gouvernement esp\u00e8re soutenir le redressement du secteur automobile national, mis sous pression par les marques chinoises et l\u2019affaiblissement des d\u00e9bouch\u00e9s \u00e0 l\u2019export. Le signal est lisible et pragmatique.<\/p>\n<p>Dans le m\u00eame temps, l\u2019Espagne reste le seul grand march\u00e9 europ\u00e9en sans plan d\u2019incitation finalis\u00e9 pour 2026. Son dispositif MOVES, de longue date, est critiqu\u00e9 pour sa lourdeur administrative et son impact limit\u00e9, et une nouvelle proposition se fait toujours attendre. Ce retard du soutien \u00e0 la demande risque de figer l\u2019\u00e9cart avec la France, l\u2019Italie et l\u2019Allemagne, o\u00f9 les politiques favorables aux v\u00e9hicules \u00e9lectriques produisent d\u00e9j\u00e0 des r\u00e9sultats tangibles. Un d\u00e9calage difficile \u00e0 ignorer.<\/p>\n","protected":false},"excerpt":{"rendered":"L\u2019Allemagne lance en 2026 3 Md\u20ac d\u2019aides aux v\u00e9hicules \u00e9lectriques: 3 000\u20134 000 \u20ac pour m\u00e9nages modestes, plafond&hellip;\n","protected":false},"author":2,"featured_media":567835,"comment_status":"","ping_status":"","sticky":false,"template":"","format":"standard","meta":{"footnotes":""},"categories":[1587],"tags":[68324,68320,68319,68321,11,68318,672,1804,1805,1803,123,1777,674,1801,25589,68322,68326,12,68323,1802,9983,68325],"class_list":{"0":"post-567834","1":"post","2":"type-post","3":"status-publish","4":"format-standard","5":"has-post-thumbnail","7":"category-allemagne","8":"tag-50-g-km","9":"tag-3-000-e","10":"tag-3-milliards-deuros","11":"tag-4-000-e","12":"tag-actualites","13":"tag-aides-2026","14":"tag-allemagne","15":"tag-bundesrepublik-deutschland","16":"tag-de","17":"tag-deutschland","18":"tag-espagne","19":"tag-eu","20":"tag-europe","21":"tag-germany","22":"tag-marche-automobile","23":"tag-menages-modestes","24":"tag-moves","25":"tag-news","26":"tag-plafond-45-000-e","27":"tag-republique-federale-dallemagne","28":"tag-vehicules-electriques","29":"tag-voitures-electriques-doccasion"},"share_on_mastodon":{"url":"https:\/\/pubeurope.com\/@fr\/115636041444979581","error":""},"_links":{"self":[{"href":"https:\/\/www.europesays.com\/fr\/wp-json\/wp\/v2\/posts\/567834","targetHints":{"allow":["GET"]}}],"collection":[{"href":"https:\/\/www.europesays.com\/fr\/wp-json\/wp\/v2\/posts"}],"about":[{"href":"https:\/\/www.europesays.com\/fr\/wp-json\/wp\/v2\/types\/post"}],"author":[{"embeddable":true,"href":"https:\/\/www.europesays.com\/fr\/wp-json\/wp\/v2\/users\/2"}],"replies":[{"embeddable":true,"href":"https:\/\/www.europesays.com\/fr\/wp-json\/wp\/v2\/comments?post=567834"}],"version-history":[{"count":0,"href":"https:\/\/www.europesays.com\/fr\/wp-json\/wp\/v2\/posts\/567834\/revisions"}],"wp:featuredmedia":[{"embeddable":true,"href":"https:\/\/www.europesays.com\/fr\/wp-json\/wp\/v2\/media\/567835"}],"wp:attachment":[{"href":"https:\/\/www.europesays.com\/fr\/wp-json\/wp\/v2\/media?parent=567834"}],"wp:term":[{"taxonomy":"category","embeddable":true,"href":"https:\/\/www.europesays.com\/fr\/wp-json\/wp\/v2\/categories?post=567834"},{"taxonomy":"post_tag","embeddable":true,"href":"https:\/\/www.europesays.com\/fr\/wp-json\/wp\/v2\/tags?post=567834"}],"curies":[{"name":"wp","href":"https:\/\/api.w.org\/{rel}","templated":true}]}}