{"id":567842,"date":"2025-11-30T01:28:17","date_gmt":"2025-11-30T01:28:17","guid":{"rendered":"https:\/\/www.europesays.com\/fr\/567842\/"},"modified":"2025-11-30T01:28:17","modified_gmt":"2025-11-30T01:28:17","slug":"une-enquete-administrative-ouverte-sur-une-photo-de-policiers-posant-derriere-une-banderole-feministe-a-lenvers-liberation","status":"publish","type":"post","link":"https:\/\/www.europesays.com\/fr\/567842\/","title":{"rendered":"Une enqu\u00eate administrative ouverte sur une photo de policiers posant derri\u00e8re une banderole f\u00e9ministe \u00e0 l\u2019envers \u2013 Lib\u00e9ration"},"content":{"rendered":"<p class=\"sc-cPiKLX AiZTS text-element\">La r\u00e9action n\u2019aura pas tard\u00e9. La pr\u00e9fecture de police de Paris a ouvert une enqu\u00eate administrative apr\u00e8s <a href=\"https:\/\/www.blast-info.fr\/articles\/2025\/quand-la-police-nationale-exhibe-fierement-une-banderole-feministe-a-lenvers-JXkrnmi2TWW4i61jzlErEA\" target=\"_blank\" rel=\"noreferrer noopener\" title=\"https:\/\/www.blast-info.fr\/articles\/2025\/quand-la-police-nationale-exhibe-fierement-une-banderole-feministe-a-lenvers-JXkrnmi2TWW4i61jzlErEA\">la publication, vendredi, par le m\u00e9dia en ligne Blast d\u2019une photo<\/a> montrant des policiers cagoul\u00e9s posant derri\u00e8re une banderole f\u00e9ministe et antifasciste, tenue \u00e0 l\u2019envers, a-t-elle indiqu\u00e9 samedi 29 novembre.<\/p>\n<p class=\"sc-cPiKLX AiZTS text-element\">Selon Blast, \u00abs\u2019afficher encagoul\u00e9s avec le mat\u00e9riel ennemi retourn\u00e9\u00bb est \u00abune pratique tr\u00e8s connue des milieux hooligans\u00bb. \u00abEn reprenant ouvertement les codes hooligans, ces policiers affichent clairement \u2013 et fi\u00e8rement, en uniforme leur posture d\u2019ennemis des mouvements f\u00e9ministes, antiracistes et LGBTI. Et ce en d\u00e9pit \u00e9vident du principe de neutralit\u00e9 du service public et du devoir de r\u00e9serve de ses agents.\u00bb<\/p>\n<p class=\"sc-cPiKLX AiZTS text-element\">La banderole noire sur laquelle il est \u00e9crit en rouge et blanc \u00abAntifa F\u00e9ministes contre la transphobie &amp; le racisme\u00bb a \u00e9t\u00e9 r\u00e9cup\u00e9r\u00e9e par des policiers <a href=\"https:\/\/www.liberation.fr\/societe\/droits-des-femmes\/marche-contre-les-violences-faites-aux-femmes-je-suis-la-pour-moi-mais-aussi-pour-toutes-celles-qui-ne-peuvent-pas-letre-20251122_KBHH5DLNLRGW5FIZKHPXJDRGYU\/\" target=\"_blank\" rel=\"noreferrer noopener\" title=\"https:\/\/www.liberation.fr\/societe\/droits-des-femmes\/marche-contre-les-violences-faites-aux-femmes-je-suis-la-pour-moi-mais-aussi-pour-toutes-celles-qui-ne-peuvent-pas-letre-20251122_KBHH5DLNLRGW5FIZKHPXJDRGYU\/\">lors de la manifestation contre les violences sexuelles et sexistes le 22 novembre \u00e0 Paris<\/a>, selon le m\u00e9dia, qui affirme que le clich\u00e9 a \u00e9t\u00e9 pris dans un commissariat.<\/p>\n<p class=\"sc-cPiKLX AiZTS text-element\">\u00abAlert\u00e9s (vendredi) de la publication d\u2019une photo repr\u00e9sentant une de ses unit\u00e9s tenant une banderole \u00e0 l\u2019envers, les services de la pr\u00e9fecture de police ont imm\u00e9diatement ouvert une enqu\u00eate administrative\u00bb, a r\u00e9agi aupr\u00e8s de l\u2019AFP la pr\u00e9fecture de police.<\/p>\n<p class=\"sc-cPiKLX AiZTS text-element\">\u00abQu\u2019il y ait des gens qui d\u00e9shonorent leur uniforme comme ceux-l\u00e0, c\u2019est une chose. Que la hi\u00e9rarchie reste muette et qu\u2019il n\u2019y ait plus un policier qui ose dire son d\u00e9saccord nous en dit long sur le danger que courent les femmes face \u00e0 de tels individus\u00bb, a d\u00e9nonc\u00e9 sur X le leader de la France insoumise, Jean-Luc M\u00e9lenchon.<\/p>\n<p class=\"sc-cPiKLX AiZTS text-element\">\u00abNon contents de se comporter comme de vulgaires hooligans, ces policiers adoptent les codes de miliciens. C\u2019est une prise de position, une volont\u00e9 d\u2019intimidation, une provocation\u00bb, s\u2019est quant \u00e0 lui insurg\u00e9 dans un communiqu\u00e9 le d\u00e9put\u00e9 \u00e9cologiste de Paris, Pouria Amirshahi. Il \u00abdemande au ministre de l\u2019Int\u00e9rieur de rappeler que la police r\u00e9publicaine est garante des libert\u00e9s publiques, pas des id\u00e9ologies ni de l\u2019esth\u00e9tique de nervis violents et ennemis des id\u00e9es humanistes\u00bb.<\/p>\n","protected":false},"excerpt":{"rendered":"La r\u00e9action n\u2019aura pas tard\u00e9. La pr\u00e9fecture de police de Paris a ouvert une enqu\u00eate administrative apr\u00e8s la&hellip;\n","protected":false},"author":2,"featured_media":567843,"comment_status":"","ping_status":"","sticky":false,"template":"","format":"standard","meta":{"footnotes":""},"categories":[2],"tags":[11,1011,27,12,25,7374],"class_list":{"0":"post-567842","1":"post","2":"type-post","3":"status-publish","4":"format-standard","5":"has-post-thumbnail","7":"category-actualites","8":"tag-actualites","9":"tag-fr","10":"tag-france","11":"tag-news","12":"tag-republique-francaise","13":"tag-violences-policieres"},"share_on_mastodon":{"url":"https:\/\/pubeurope.com\/@fr\/115636057125025769","error":""},"_links":{"self":[{"href":"https:\/\/www.europesays.com\/fr\/wp-json\/wp\/v2\/posts\/567842","targetHints":{"allow":["GET"]}}],"collection":[{"href":"https:\/\/www.europesays.com\/fr\/wp-json\/wp\/v2\/posts"}],"about":[{"href":"https:\/\/www.europesays.com\/fr\/wp-json\/wp\/v2\/types\/post"}],"author":[{"embeddable":true,"href":"https:\/\/www.europesays.com\/fr\/wp-json\/wp\/v2\/users\/2"}],"replies":[{"embeddable":true,"href":"https:\/\/www.europesays.com\/fr\/wp-json\/wp\/v2\/comments?post=567842"}],"version-history":[{"count":0,"href":"https:\/\/www.europesays.com\/fr\/wp-json\/wp\/v2\/posts\/567842\/revisions"}],"wp:featuredmedia":[{"embeddable":true,"href":"https:\/\/www.europesays.com\/fr\/wp-json\/wp\/v2\/media\/567843"}],"wp:attachment":[{"href":"https:\/\/www.europesays.com\/fr\/wp-json\/wp\/v2\/media?parent=567842"}],"wp:term":[{"taxonomy":"category","embeddable":true,"href":"https:\/\/www.europesays.com\/fr\/wp-json\/wp\/v2\/categories?post=567842"},{"taxonomy":"post_tag","embeddable":true,"href":"https:\/\/www.europesays.com\/fr\/wp-json\/wp\/v2\/tags?post=567842"}],"curies":[{"name":"wp","href":"https:\/\/api.w.org\/{rel}","templated":true}]}}