{"id":567844,"date":"2025-11-30T01:29:19","date_gmt":"2025-11-30T01:29:19","guid":{"rendered":"https:\/\/www.europesays.com\/fr\/567844\/"},"modified":"2025-11-30T01:29:19","modified_gmt":"2025-11-30T01:29:19","slug":"la-magie-de-gilbert-arnault-a-porte-lus-chauvigny-face-au-stade-poitevin","status":"publish","type":"post","link":"https:\/\/www.europesays.com\/fr\/567844\/","title":{"rendered":"la magie de Gilbert-Arnault a port\u00e9 l&rsquo;US Chauvigny face au Stade Poitevin"},"content":{"rendered":"<p>La signalisation routi\u00e8re n\u2019a pas chang\u00e9 sur la D\u00e9partementale 951. Et pourtant un nouveau panneau avait fait son apparition, ce samedi 29\u00a0novembre 2025, sur l\u2019ultime rond-point avant l\u2019entr\u00e9e dans la cit\u00e9 chauvinoise. \u00c0 l\u2019occasion de ce 8e\u00a0tour de Coupe de France, les supporteurs de l\u2019USC avaient install\u00e9 une banderole avec l\u2019inscription \u00ab\u00a0Place au KO\u00a0\u00bb, bomb\u00e9e en lettres sang et or. Un avertissement \u00e0 destination des Poitevins, arriv\u00e9s les premiers au stade Gilbert-Arnault. Enfin les premiers\u2026<\/p>\n<p>Une quarantaine de spectateurs attendaient que les portes s\u2019ouvrent \u00e0 plus de deux heures du coup d\u2019envoi, dont Kamel Latrach qui avait troqu\u00e9 ses chaussures de running pour ressortir son \u00e9charpe collector \u00ab\u00a0Olympique de Marseille\u00a0&#8211; Chauvigny\u00a0\u00bb \u00e9dition 2022. En attendant de pouvoir p\u00e9n\u00e9trer dans l\u2019enceinte chauvinoise, le coureur du CA Pictave a pu appr\u00e9cier de loin l\u2019accueil plus que chaleureux que quelques jeunes supporteurs chauvinois ont r\u00e9serv\u00e9 aux joueurs de l\u2019USC avec des fumig\u00e8nes rouges et jaunes et un \u00ab\u00a0Aux armes\u00a0\u00bb sonore&#8230;. <\/p>\n<p>    Cet article a \u00e9t\u00e9 tronqu\u00e9. Abonnez-vous pour lire l&rsquo;article complet sur notre site.<\/p>\n<p style=\"margin: 0 !important; padding: 0 !important; font-size: 12px !important;\">Cet article a \u00e9t\u00e9 tronqu\u00e9. Abonnez-vous pour lire l&rsquo;article complet.<\/p>\n<p>    <a href=\"https:\/\/www.lanouvellerepublique.fr\/abonnements\" style=\"display: inline-block; margin-top: 5px !important; padding: 6px 12px !important; background: #cb1c27; color: white; text-decoration: none; border-radius: 4px; font-size: 12px !important;\" target=\"_blank\" rel=\"noopener\"><br \/>\n      S&rsquo;abonner<br \/>\n    <\/a><\/p>\n","protected":false},"excerpt":{"rendered":"La signalisation routi\u00e8re n\u2019a pas chang\u00e9 sur la D\u00e9partementale 951. Et pourtant un nouveau panneau avait fait son&hellip;\n","protected":false},"author":2,"featured_media":567845,"comment_status":"","ping_status":"","sticky":false,"template":"","format":"standard","meta":{"footnotes":""},"categories":[4],"tags":[11,21929,52302,63,1011,27,12,1653,25,60,47299,1584],"class_list":{"0":"post-567844","1":"post","2":"type-post","3":"status-publish","4":"format-standard","5":"has-post-thumbnail","7":"category-france","8":"tag-actualites","9":"tag-chauvigny","10":"tag-coupe-de-france-football","11":"tag-football","12":"tag-fr","13":"tag-france","14":"tag-news","15":"tag-poitiers","16":"tag-republique-francaise","17":"tag-sports","18":"tag-stade-poitevin","19":"tag-vienne"},"share_on_mastodon":{"url":"https:\/\/pubeurope.com\/@fr\/115636060977740068","error":""},"_links":{"self":[{"href":"https:\/\/www.europesays.com\/fr\/wp-json\/wp\/v2\/posts\/567844","targetHints":{"allow":["GET"]}}],"collection":[{"href":"https:\/\/www.europesays.com\/fr\/wp-json\/wp\/v2\/posts"}],"about":[{"href":"https:\/\/www.europesays.com\/fr\/wp-json\/wp\/v2\/types\/post"}],"author":[{"embeddable":true,"href":"https:\/\/www.europesays.com\/fr\/wp-json\/wp\/v2\/users\/2"}],"replies":[{"embeddable":true,"href":"https:\/\/www.europesays.com\/fr\/wp-json\/wp\/v2\/comments?post=567844"}],"version-history":[{"count":0,"href":"https:\/\/www.europesays.com\/fr\/wp-json\/wp\/v2\/posts\/567844\/revisions"}],"wp:featuredmedia":[{"embeddable":true,"href":"https:\/\/www.europesays.com\/fr\/wp-json\/wp\/v2\/media\/567845"}],"wp:attachment":[{"href":"https:\/\/www.europesays.com\/fr\/wp-json\/wp\/v2\/media?parent=567844"}],"wp:term":[{"taxonomy":"category","embeddable":true,"href":"https:\/\/www.europesays.com\/fr\/wp-json\/wp\/v2\/categories?post=567844"},{"taxonomy":"post_tag","embeddable":true,"href":"https:\/\/www.europesays.com\/fr\/wp-json\/wp\/v2\/tags?post=567844"}],"curies":[{"name":"wp","href":"https:\/\/api.w.org\/{rel}","templated":true}]}}