{"id":567856,"date":"2025-11-30T01:40:35","date_gmt":"2025-11-30T01:40:35","guid":{"rendered":"https:\/\/www.europesays.com\/fr\/567856\/"},"modified":"2025-11-30T01:40:35","modified_gmt":"2025-11-30T01:40:35","slug":"mettre-en-garantie-une-oeuvre-dart-une-autre-maniere-dobtenir-un-pret","status":"publish","type":"post","link":"https:\/\/www.europesays.com\/fr\/567856\/","title":{"rendered":"Mettre en garantie une \u0153uvre d\u2019art, une autre mani\u00e8re d\u2019obtenir un pr\u00eat"},"content":{"rendered":"<p>                     <img loading=\"lazy\" decoding=\"async\" src=\"https:\/\/www.europesays.com\/fr\/wp-content\/uploads\/2025\/11\/3c34498_upload-1-wg3iut1xvwfy-cmp-aureliablanc-avril2025-dsc1013.jpg\" alt=\"Les r\u00e9serves du Cr\u00e9dit municipal de Paris.&#10;\"   width=\"664\" height=\"443\"\/>    Les r\u00e9serves du Cr\u00e9dit municipal de Paris.  CR\u00c9DIT MUNICIPAL DE PARIS                 <\/p>\n<p class=\"article__paragraph  \">Le Cr\u00e9dit municipal de Paris organise, <a href=\"https:\/\/www.creditmunicipal.fr\/ventes-aux-encheres\/catalogue-des-ventes\/251128000\/\" target=\"_blank\" rel=\"noopener\" title=\"Nouvelle fen\u00eatre\">vendredi 28\u00a0novembre, sa \u00ab\u00a0vente de No\u00ebl\u00a0\u00bb<\/a>. Quelque 150\u00a0lots seront mis aux ench\u00e8res. Il s\u2019agit essentiellement de bijoux ayant \u00e9t\u00e9 d\u00e9pos\u00e9s par des particuliers en gage d\u2019un pr\u00eat, mais les \u0153uvres d\u2019art, \u00e0 l\u2019instar des deux dessins de Jules Pascin propos\u00e9s \u00e0 la vente, peuvent aussi servir de garantie pour obtenir un cr\u00e9dit.<\/p>\n<p class=\"article__paragraph  \">Une \u0153uvre d\u2019art n\u2019a pas seulement une valeur esth\u00e9tique ou patrimoniale. Elle peut \u00e9galement devenir un outil de financement pour son propri\u00e9taire. D\u2019ailleurs, de plus en plus de collectionneurs recourent \u00e0 un emprunt garanti par un tableau ou une sculpture afin d\u2019obtenir des liquidit\u00e9s. D\u2019apr\u00e8s le <a href=\"https:\/\/www.deloitte.com\/lu\/en\/services\/financial-advisory\/research\/art-finance-report.html\" target=\"_blank\" rel=\"noopener\" title=\"Nouvelle fen\u00eatre\">rapport Art &amp;\u00a0Finance 2025\u00a0publi\u00e9 par Deloitte<\/a>, ce march\u00e9 dit de l\u2019\u00ab\u00a0art lending\u00a0\u00bb se chiffre actuellement en dizaines de milliards d\u2019euros \u00e0 travers le monde. Mais comment fonctionne-t-il\u00a0? Qui peut y acc\u00e9der\u00a0? Et sous quelles conditions\u00a0?<\/p>\n<p class=\"reading-mode-only \"><strong>Il vous reste 86.14% de cet article \u00e0 lire. La suite est r\u00e9serv\u00e9e aux abonn\u00e9s.<\/strong><\/p>\n","protected":false},"excerpt":{"rendered":"Les r\u00e9serves du Cr\u00e9dit municipal de Paris. CR\u00c9DIT MUNICIPAL DE PARIS Le Cr\u00e9dit municipal de Paris organise, vendredi&hellip;\n","protected":false},"author":2,"featured_media":567857,"comment_status":"","ping_status":"","sticky":false,"template":"","format":"standard","meta":{"footnotes":""},"categories":[1358],"tags":[1348,1384,1385,1386,58,59,1011,27],"class_list":{"0":"post-567856","1":"post","2":"type-post","3":"status-publish","4":"format-standard","5":"has-post-thumbnail","7":"category-arts-et-design","8":"tag-arts","9":"tag-arts-and-design","10":"tag-arts-et-design","11":"tag-design","12":"tag-divertissement","13":"tag-entertainment","14":"tag-fr","15":"tag-france"},"share_on_mastodon":{"url":"https:\/\/pubeurope.com\/@fr\/115636104978627541","error":""},"_links":{"self":[{"href":"https:\/\/www.europesays.com\/fr\/wp-json\/wp\/v2\/posts\/567856","targetHints":{"allow":["GET"]}}],"collection":[{"href":"https:\/\/www.europesays.com\/fr\/wp-json\/wp\/v2\/posts"}],"about":[{"href":"https:\/\/www.europesays.com\/fr\/wp-json\/wp\/v2\/types\/post"}],"author":[{"embeddable":true,"href":"https:\/\/www.europesays.com\/fr\/wp-json\/wp\/v2\/users\/2"}],"replies":[{"embeddable":true,"href":"https:\/\/www.europesays.com\/fr\/wp-json\/wp\/v2\/comments?post=567856"}],"version-history":[{"count":0,"href":"https:\/\/www.europesays.com\/fr\/wp-json\/wp\/v2\/posts\/567856\/revisions"}],"wp:featuredmedia":[{"embeddable":true,"href":"https:\/\/www.europesays.com\/fr\/wp-json\/wp\/v2\/media\/567857"}],"wp:attachment":[{"href":"https:\/\/www.europesays.com\/fr\/wp-json\/wp\/v2\/media?parent=567856"}],"wp:term":[{"taxonomy":"category","embeddable":true,"href":"https:\/\/www.europesays.com\/fr\/wp-json\/wp\/v2\/categories?post=567856"},{"taxonomy":"post_tag","embeddable":true,"href":"https:\/\/www.europesays.com\/fr\/wp-json\/wp\/v2\/tags?post=567856"}],"curies":[{"name":"wp","href":"https:\/\/api.w.org\/{rel}","templated":true}]}}