{"id":567858,"date":"2025-11-30T01:42:19","date_gmt":"2025-11-30T01:42:19","guid":{"rendered":"https:\/\/www.europesays.com\/fr\/567858\/"},"modified":"2025-11-30T01:42:19","modified_gmt":"2025-11-30T01:42:19","slug":"laudiovisuel-public-face-a-ses-zones-dombre","status":"publish","type":"post","link":"https:\/\/www.europesays.com\/fr\/567858\/","title":{"rendered":"l\u2019audiovisuel public face \u00e0 ses zones d\u2019ombre"},"content":{"rendered":"<p>Sur son si\u00e8ge, Martin Ajdari soupire, l\u00e8ve les yeux au ciel derri\u00e8re ses lunettes et murmure quelques mots, avant qu\u2019Alban de\u00a0Nervaux, son directeur g\u00e9n\u00e9ral, ne lui coupe le micro d\u2019un geste rapide et nerveux. Depuis plus d\u2019une heure, le pr\u00e9sident de l\u2019Arcom r\u00e9pond aux questions qui s\u2019encha\u00eenent inlassablement, dans un climat de tension palpable. D\u00e8s les premiers instants, Charles Alloncle, d\u00e9put\u00e9 UDR (Union des droites pour la R\u00e9publique), et rapporteur de la commission, donne le ton\u00a0: \u00ab\u00a0Pourquoi le pr\u00e9sident de la R\u00e9publique vous a-t-il choisi pour diriger l\u2019Arcom\u00a0? Est-ce que vous pourriez nous donner des garanties [sur] les exigences d\u2019impartialit\u00e9, de neutralit\u00e9 et d\u2019honn\u00eatet\u00e9 de l\u2019institution que vous dirigez\u00a0?\u00a0\u00bb Imm\u00e9diatement, la d\u00e9put\u00e9e \u00e9cologiste Sophie Taill\u00e9-Polian s\u2019insurge, l\u00e8ve la main et r\u00e9clame en vain la parole. Martin Ajdari, lui, est contraint de revenir sur son parcours\u00a0: son passage dans les cabinets de trois ministres socialistes, puis l\u2019\u00e9volution de sa carri\u00e8re jusqu\u2019\u00e0 l\u2019Arcom.<\/p>\n<p>    La suite apr\u00e8s cette publicit\u00e9<\/p>\n<p>S\u2019ensuit un match verbal avec le rapporteur, qui encha\u00eene les questions directes et incisives\u00a0: la reconduction de Delphine Ernotte \u00e0 la t\u00eate de France T\u00e9l\u00e9visions en mai\u00a02025, quelques semaines avant un rapport au vitriol de la Cour des comptes\u00a0; les erreurs strat\u00e9giques du service public \u2013 l\u2019\u00e9chec de Salto, le lancement rat\u00e9 de France TV Slash\u00a0; et enfin la classification des personnalit\u00e9s politiques\u00a0: \u00ab\u00a0Pourquoi consid\u00e9rez-vous <a href=\"https:\/\/www.lejdd.fr\/Tags\/Philippe-de-Villiers\" target=\"_blank\" rel=\"noopener\">Philippe de\u00a0Villiers<\/a> comme une personnalit\u00e9 politique, contrairement \u00e0 \u00c9ric Dupond-Moretti, Daniel Cohn-Bendit ou C\u00e9cile Duflot\u00a0?\u00a0\u00bb Sans se laisser d\u00e9monter, le patron du gendarme de l\u2019audiovisuel d\u00e9fend que \u00ab\u00a0la participation de Philippe de\u00a0Villiers \u00e0 la campagne d\u2019<a href=\"https:\/\/www.lejdd.fr\/eric-zemmour\" target=\"_blank\" rel=\"noopener\">\u00c9ric Zemmour<\/a> justifie sa qualification politique\u00a0\u00bb, sans toutefois pr\u00e9ciser qu\u2019\u00c9ric Dupond-Moretti soutenait le camp pr\u00e9sidentiel lors des \u00e9lections l\u00e9gislatives de 2024.<\/p>\n<blockquote class=\"exergue\">\n<p>\u00c0 l\u2019inverse, Charles Alloncle se f\u00e9licite de l\u2019impact de la commission, m\u00eame s\u2019il dit \u00ab\u00a0rester sur sa faim\u00a0\u00bb<\/p>\n<\/blockquote>\n<p>Les lignes bougent<\/p>\n<p>Au fil de l\u2019audition, Martin Ajdari reconna\u00eet, non sans embarras, plusieurs \u00ab\u00a0s\u00e9quences probl\u00e9matiques\u00a0\u00bb \u00e0 FranceInfo, citant la mention sur les antennes de Radio France de \u00ab\u00a0Gaza riviera\u00a0\u00bb ou encore d\u2019\u00ab\u00a0otages palestiniens\u00a0\u00bb. Dans les rangs des d\u00e9put\u00e9s, le ton monte\u00a0: l\u2019\u00e9cologiste J\u00e9r\u00e9mie Iordanoff d\u00e9nonce le caract\u00e8re \u00ab\u00a0inquisiteur\u00a0\u00bb des questions du rapporteur et fustige une commission devenue, selon lui, un \u00ab\u00a0outil d\u00e9form\u00e9 du contr\u00f4le parlementaire\u00a0\u00bb. \u00c0 l\u2019issue de cette premi\u00e8re audition, le pr\u00e9sident J\u00e9r\u00e9mie Patrier-Leitus mart\u00e8le qu\u2019il ne fera pas de l\u2019Assembl\u00e9e \u00ab\u00a0le lieu d\u2019un r\u00e8glement de comptes entre audiovisuel public et priv\u00e9\u00a0\u00bb. \u00ab\u00a0On peut poser des questions en adoptant un ton moins inquisiteur et interroger en transparence. Mettre en sc\u00e8ne cette commission d\u2019enqu\u00eate, comme certains groupes politiques le font, ne me para\u00eet pas \u00eatre \u00e0 la hauteur des enjeux\u00a0\u00bb, soupire le d\u00e9put\u00e9 Horizons. \u00c0 l\u2019inverse, Charles Alloncle se f\u00e9licite de l\u2019impact de la commission, m\u00eame s\u2019il dit \u00ab\u00a0rester sur sa faim\u00a0\u00bb. \u00ab\u00a0Moins de 24\u00a0heures apr\u00e8s l\u2019audition, l\u2019Arcom a adress\u00e9 une mise en garde \u00e0 France T\u00e9l\u00e9visions sur un pr\u00e9c\u00e9dent \u201cCompl\u00e9ment d\u2019enqu\u00eate\u201d\u00a0: les lignes bougent d\u00e9j\u00e0\u00a0!\u00a0\u00bb veut croire le d\u00e9put\u00e9 UDR, qui pr\u00e9voit d\u2019envoyer au r\u00e9gulateur une s\u00e9rie de questions compl\u00e9mentaires par \u00e9crit.<\/p>\n<p>Conscient que ce coup d\u2019envoi intervient au c\u0153ur d\u2019une actualit\u00e9 m\u00e9diatique br\u00fblante \u2013 entre la plainte pour \u00ab\u00a0d\u00e9nigrement\u00a0\u00bb d\u00e9pos\u00e9e par France T\u00e9l\u00e9visions et Radio France contre Europe 1, CNews et le JDD, et la diffusion jeudi dernier sur France 2 d\u2019un \u00ab\u00a0Compl\u00e9ment d\u2019enqu\u00eate\u00a0\u00bb contre CNews \u2014 J\u00e9r\u00e9mie Patrier-Leitus appelle malgr\u00e9 tout les d\u00e9put\u00e9s \u00e0 \u00ab\u00a0une exigence suppl\u00e9mentaire de dignit\u00e9\u00a0\u00bb afin d\u2019\u00e9viter tout \u00ab\u00a0proc\u00e8s\u00a0\u00bb lors des prochaines auditions. En d\u00e9cembre, la commission entendra successivement Delphine Ernotte, Sibyle Veil, Ad\u00e8le Van Reeth, ainsi que les journalistes Thomas Legrand et Patrick Cohen.<\/p>\n","protected":false},"excerpt":{"rendered":"Sur son si\u00e8ge, Martin Ajdari soupire, l\u00e8ve les yeux au ciel derri\u00e8re ses lunettes et murmure quelques mots,&hellip;\n","protected":false},"author":2,"featured_media":567859,"comment_status":"","ping_status":"","sticky":false,"template":"","format":"standard","meta":{"footnotes":""},"categories":[1356],"tags":[58,59,1011,27,252,1364],"class_list":{"0":"post-567858","1":"post","2":"type-post","3":"status-publish","4":"format-standard","5":"has-post-thumbnail","7":"category-television","8":"tag-divertissement","9":"tag-entertainment","10":"tag-fr","11":"tag-france","12":"tag-television","13":"tag-tv"},"share_on_mastodon":{"url":"https:\/\/pubeurope.com\/@fr\/115636112396910276","error":""},"_links":{"self":[{"href":"https:\/\/www.europesays.com\/fr\/wp-json\/wp\/v2\/posts\/567858","targetHints":{"allow":["GET"]}}],"collection":[{"href":"https:\/\/www.europesays.com\/fr\/wp-json\/wp\/v2\/posts"}],"about":[{"href":"https:\/\/www.europesays.com\/fr\/wp-json\/wp\/v2\/types\/post"}],"author":[{"embeddable":true,"href":"https:\/\/www.europesays.com\/fr\/wp-json\/wp\/v2\/users\/2"}],"replies":[{"embeddable":true,"href":"https:\/\/www.europesays.com\/fr\/wp-json\/wp\/v2\/comments?post=567858"}],"version-history":[{"count":0,"href":"https:\/\/www.europesays.com\/fr\/wp-json\/wp\/v2\/posts\/567858\/revisions"}],"wp:featuredmedia":[{"embeddable":true,"href":"https:\/\/www.europesays.com\/fr\/wp-json\/wp\/v2\/media\/567859"}],"wp:attachment":[{"href":"https:\/\/www.europesays.com\/fr\/wp-json\/wp\/v2\/media?parent=567858"}],"wp:term":[{"taxonomy":"category","embeddable":true,"href":"https:\/\/www.europesays.com\/fr\/wp-json\/wp\/v2\/categories?post=567858"},{"taxonomy":"post_tag","embeddable":true,"href":"https:\/\/www.europesays.com\/fr\/wp-json\/wp\/v2\/tags?post=567858"}],"curies":[{"name":"wp","href":"https:\/\/api.w.org\/{rel}","templated":true}]}}