{"id":567860,"date":"2025-11-30T01:43:17","date_gmt":"2025-11-30T01:43:17","guid":{"rendered":"https:\/\/www.europesays.com\/fr\/567860\/"},"modified":"2025-11-30T01:43:17","modified_gmt":"2025-11-30T01:43:17","slug":"renaud-et-sa-fille-lolita-sechan-ne-se-quittent-plus-leur-escapade-dans-cette-celebre-ville-du-vaucluse-tant-aimee-du-chanteur","status":"publish","type":"post","link":"https:\/\/www.europesays.com\/fr\/567860\/","title":{"rendered":"Renaud et sa fille Lolita S\u00e9chan ne se quittent plus : leur escapade dans cette c\u00e9l\u00e8bre ville du Vaucluse tant aim\u00e9e du chanteur"},"content":{"rendered":"<p>                <img loading=\"lazy\" decoding=\"async\" src=\"https:\/\/www.europesays.com\/fr\/wp-content\/uploads\/2025\/04\/145-6602e1ce8ddc4-35x35-1.jpg\" class=\"author-article-picture\" width=\"35\" height=\"35\"\/><\/p>\n<p>                    Par<\/p>\n<p>                                            <a class=\"author-article-bio-link\" href=\"https:\/\/www.purepeople.com\/auteur\/lucie-gosselin_a145\" target=\"_blank\" rel=\"noopener\">Lucie Gosselin<\/a><\/p>\n<p>                    |<\/p>\n<p>                                            R\u00e9dactrice<\/p>\n<p>\n                Journaliste passionn\u00e9e, depuis plus de 10 ans, je r\u00e9alise des enqu\u00eates, des portraits, des reportages ou des interviews.\n            <\/p>\n<p>\n    Renaud ne ch\u00f4me pas. Le chanteur de 73 ans est sur les routes de France pour la promotion de sa nouvelle \u0153uvre. Et il n&rsquo;est pas seul. Car sa fille Lolita S\u00e9chan ne s&rsquo;en s\u00e9pare plus. Elle a partag\u00e9 sur son compte Instagram la destination de leur voyage p\u00e8re-fille ce 29 novembre 2025.\n<\/p>\n<p>                            <img loading=\"lazy\" decoding=\"async\" class=\"player-thumbnail\" src=\"https:\/\/www.europesays.com\/fr\/wp-content\/uploads\/2025\/11\/14073bbf2c7e009a-580x326-2.jpg\" width=\"580\" height=\"326\"\/><\/p>\n<p>                            Renaud et sa fille Lolita S\u00e9chan ne se quittent plus : leur escapade dans cette c\u00e9l\u00e8bre ville du Vaucluse tant aim\u00e9e du chanteur<\/p>\n<p>La suite apr\u00e8s la publicit\u00e9<\/p>\n<p>Elle \u00e9tait l\u2019h\u00e9ro\u00efne de sa chanson Morgane de toi. Il est le h\u00e9ros de son nouveau livre. <a href=\"https:\/\/www.purepeople.com\/people\/renaud_p665\" target=\"_blank\" rel=\"noopener\">Renaud<\/a> et sa fille <a href=\"https:\/\/www.purepeople.com\/people\/lolita-sechan_p248572\" target=\"_blank\" rel=\"noopener\">Lolita S\u00e9chan<\/a> sont ins\u00e9parables derni\u00e8rement. Le chanteur de 73 ans a beau filer <a href=\"https:\/\/www.purepeople.com\/article\/renaud-et-sa-femme-cerise-presents-au-concert-dhugues-aufray-au-dome-de-paris-les-amis-de-longue-date-reunis-en-coulisses_a544593\/1\" target=\"_blank\" rel=\"noopener\">le parfait amour avec son \u00e9pouse Cerise<\/a>, c\u2019est le duo avec son enfant qu\u2019il privil\u00e9gie actuellement pour<strong> sillonner la France et faire d\u00e9couvrir <\/strong><strong>Renaud, le livre<\/strong>. L&rsquo;\u0153uvre est d\u2019Erwan L\u2019\u00c9l\u00e9ouet, mais a \u00e9t\u00e9 r\u00e9alis\u00e9e sous la direction de Lolita S\u00e9chan, romanci\u00e8re et sc\u00e9nariste de bande dessin\u00e9e.<\/p>\n<p>Sur son compte Instagram, l\u2019ex de <a href=\"https:\/\/www.purepeople.com\/people\/renan-luce_p1107\" target=\"_blank\" rel=\"noopener\">Renan Luce<\/a> a publi\u00e9 <strong>une photo de leur derni\u00e8re escapade p\u00e8re-fille <\/strong>ce 29 novembre 2025. On peut voir Renaud dans un train en pleine lecture de la BD Madeleine, r\u00e9sistante sign\u00e9e Bertail, Jean-David et Riffaud. Quant \u00e0 <a href=\"https:\/\/www.purepeople.com\/article\/lolita-sechan-fille-de-renaud-ce-quelle-partage-pour-la-premiere-fois-sur-heloise-14-ans-nee-de-son-histoire-avec-renan-luce_a543606\/1\" target=\"_blank\" rel=\"noopener\">la m\u00e8re de la jeune H\u00e9lo\u00efse, 14 ans<\/a>, on devine qu\u2019elle lit The Chronology of Water. Un exemplaire du livre qui a inspir\u00e9 le film mis en sc\u00e8ne par <a href=\"https:\/\/www.purepeople.com\/people\/kristen-stewart_p1690\" target=\"_blank\" rel=\"noopener\">Kristen Stewart<\/a> est d\u00e9pos\u00e9 sur sa tablette. Mais vers o\u00f9 se dirigent-ils ?<\/p>\n<p>Un voyage p\u00e8re-fille pour Renaud<\/p>\n<p>Sur sa Story, la fille de Renaud \u00e9crit la destination pr\u00e9cise de leur voyage : \u201c<strong>Partir en d\u00e9dicace \u00e0 l\u2019Isle-sur-la Sorgue avec papou<\/strong>\u201d. Ils se rendent donc dans une commune du Vaucluse pour une raison sp\u00e9ciale : faire d\u00e9couvrir au public leur \u0153uvre commune, publi\u00e9e aux \u00e9ditions de La Martini\u00e8re. Une ville que la famille conna\u00eet bien puisque Renaud y a v\u00e9cu longtemps.\u00a0<\/p>\n<p>Avec le journaliste Erwan L\u2019\u00c9l\u00e9ouet, Lolita S\u00e9chan a fouill\u00e9 les archives familiales pour raconter son p\u00e8re et son histoire.<\/p>\n<p>Entre d\u00e9sillusions politiques et <a href=\"https:\/\/www.purepeople.com\/article\/renaud-a-totalement-arrete-de-boire-et-de-fumer-le-chanteur-compense-avec-autre-chose-et-sa-fille-lolita-fait-savoir-avec-quoi_a543407\/1\" target=\"_blank\" rel=\"noopener\">lutte contre l\u2019alcoolisme<\/a>, l\u2019interpr\u00e8te de Mistral gagnant a travers\u00e9 des p\u00e9riodes sombres. Avec pudeur, certaines blessures du chanteur sont \u00e9voqu\u00e9es, comme la d\u00e9couverte d\u2019une femme et d\u2019un enfant \u00e0 son p\u00e8re, morts durant la guerre avant la naissance de l\u2019artiste. Son p\u00e8re aurait d\u2019ailleurs \u00e9crit dans son journal intime : \u201c<strong>Le succ\u00e8s de Renaud me tue, je n\u2019en peux plus<\/strong>\u201d.<\/p>\n<p>C\u2019est avec sa fille que Renaud s\u2019ouvre <a href=\"https:\/\/www.purepeople.com\/article\/cetait-impossible-dabandonner-lolita-sechan-la-fille-de-renaud-raconte-comment-sa-mere-a-aide-son-pere-face-a-lalcoolisme_a543148\/1\" target=\"_blank\" rel=\"noopener\">sur ses souffrances pass\u00e9es<\/a>. Peut-\u00eatre pour mieux gu\u00e9rir au pr\u00e9sent, gr\u00e2ce \u00e0 <a href=\"https:\/\/www.purepeople.com\/article\/je-suis-quand-meme-plus-legitime-quelle-renaud-sa-fille-lolita-clarifie-les-choses-sur-lepouse-de-son-pere-cerise-et-son-role_a543317\/1\" target=\"_blank\" rel=\"noopener\">son soutien, sa compr\u00e9hension et sa bienveillance<\/a>. Le public devrait \u00eatre au rendez-vous de cette d\u00e9dicace, comme \u00e0 celui de ses<strong> trois Z\u00e9nith de Paris annonc\u00e9s sur RTL<\/strong>. Il c\u00e9l\u00e9brera ses 50 ans de carri\u00e8re avec les plus grands noms de la chanson fran\u00e7aise les 14, 15 et 16 mai 2026.<\/p>\n","protected":false},"excerpt":{"rendered":"Par Lucie Gosselin | R\u00e9dactrice Journaliste passionn\u00e9e, depuis plus de 10 ans, je r\u00e9alise des enqu\u00eates, des portraits,&hellip;\n","protected":false},"author":2,"featured_media":567861,"comment_status":"","ping_status":"","sticky":false,"template":"","format":"standard","meta":{"footnotes":""},"categories":[1355],"tags":[58,59,1011,27,1361,873],"class_list":{"0":"post-567860","1":"post","2":"type-post","3":"status-publish","4":"format-standard","5":"has-post-thumbnail","7":"category-musique","8":"tag-divertissement","9":"tag-entertainment","10":"tag-fr","11":"tag-france","12":"tag-music","13":"tag-musique"},"share_on_mastodon":{"url":"https:\/\/pubeurope.com\/@fr\/115636117362812091","error":""},"_links":{"self":[{"href":"https:\/\/www.europesays.com\/fr\/wp-json\/wp\/v2\/posts\/567860","targetHints":{"allow":["GET"]}}],"collection":[{"href":"https:\/\/www.europesays.com\/fr\/wp-json\/wp\/v2\/posts"}],"about":[{"href":"https:\/\/www.europesays.com\/fr\/wp-json\/wp\/v2\/types\/post"}],"author":[{"embeddable":true,"href":"https:\/\/www.europesays.com\/fr\/wp-json\/wp\/v2\/users\/2"}],"replies":[{"embeddable":true,"href":"https:\/\/www.europesays.com\/fr\/wp-json\/wp\/v2\/comments?post=567860"}],"version-history":[{"count":0,"href":"https:\/\/www.europesays.com\/fr\/wp-json\/wp\/v2\/posts\/567860\/revisions"}],"wp:featuredmedia":[{"embeddable":true,"href":"https:\/\/www.europesays.com\/fr\/wp-json\/wp\/v2\/media\/567861"}],"wp:attachment":[{"href":"https:\/\/www.europesays.com\/fr\/wp-json\/wp\/v2\/media?parent=567860"}],"wp:term":[{"taxonomy":"category","embeddable":true,"href":"https:\/\/www.europesays.com\/fr\/wp-json\/wp\/v2\/categories?post=567860"},{"taxonomy":"post_tag","embeddable":true,"href":"https:\/\/www.europesays.com\/fr\/wp-json\/wp\/v2\/tags?post=567860"}],"curies":[{"name":"wp","href":"https:\/\/api.w.org\/{rel}","templated":true}]}}