{"id":567871,"date":"2025-11-30T01:49:17","date_gmt":"2025-11-30T01:49:17","guid":{"rendered":"https:\/\/www.europesays.com\/fr\/567871\/"},"modified":"2025-11-30T01:49:17","modified_gmt":"2025-11-30T01:49:17","slug":"lairbus-a320-du-pape-leon-xiv-depanne-en-urgence-a-istanbul","status":"publish","type":"post","link":"https:\/\/www.europesays.com\/fr\/567871\/","title":{"rendered":"L\u2019Airbus A320 du pape L\u00e9on XIV d\u00e9pann\u00e9 en urgence \u00e0 Istanbul"},"content":{"rendered":"<p>Une pi\u00e8ce de l\u2019Airbus A320 dans lequel voyagent le pape L\u00e9on\u00a0XIV et sa d\u00e9l\u00e9gation a \u00e9t\u00e9 envoy\u00e9e en urgence, samedi 29\u00a0novembre, pour  r\u00e9paration. \u00ab\u00a0(Elle) est en route vers Istanbul, ainsi que le technicien qui la remplacera\u00a0\u00bb, a indiqu\u00e9 la salle de presse du Saint-Si\u00e8ge samedi matin. L\u2019intervention devait intervenir rapidement pour permettre au pape de poursuivre son premier voyage \u00e0 l\u2019international. Apr\u00e8s Istanbul, o\u00f9<a href=\"https:\/\/www.la-croix.com\/religion\/a-istanbul-la-visite-prudente-et-sans-priere-de-leon-xiv-a-la-mosquee-bleue-20251129\" data-tracking=\"inpage_click\" data-tracking-action=\"lire un article\" data-tracking-category=\"recirculation\" target=\"_blank\" rel=\"noopener\"> le pape a visit\u00e9 ce matin la Mosqu\u00e9e bleue<\/a>, il doit se rendre au Liban d\u00e8s dimanche. \u00ab\u00a0Ils ont termin\u00e9 l\u2019intervention sur l\u2019appareil \u00bb, a fini par communiquer la Salle de presse \u00e0 16 heures.<\/p>\n<p>La compagnie ITA Airways a pr\u00e9cis\u00e9 \u00e0 la salle de presse qu\u2019\u00ab\u00a0il s\u2019agit d\u2019un moniteur qui n\u2019est pas concern\u00e9 par le probl\u00e8me\u00a0\u00bb ayant entra\u00een\u00e9 ce week-end l\u2019immobilisation pr\u00e9ventive de plusieurs centaines d\u2019A320 dans le monde. Airbus, contraint de changer d\u2019urgence un logiciel de commandes vuln\u00e9rable sur ce mod\u00e8le, a rapidement d\u00fb intervenir sur des milliers d\u2019avions vendredi et samedi, perturbant fortement le trafic a\u00e9rien mondial.<\/p>\n<p>D\u00e9collage pour le Liban dimanche<\/p>\n<p>Apr\u00e8s avoir c\u00e9l\u00e9br\u00e9 une messe samedi 29\u00a0novembre au soir \u00e0 la Volkswagen Arena d\u2019Istanbul, et pri\u00e9 dimanche matin \u00e0 la cath\u00e9drale arm\u00e9nienne de la ville, le pape doit emprunter \u00e0 nouveau l\u2019appareil dans la journ\u00e9e \u00e0 destination de Beyrouth, au Liban, second pays de son premier voyage apostolique. Le d\u00e9collage est pr\u00e9vu le 30\u00a0novembre \u00e0 12\u00a0h\u00a015 heure fran\u00e7aise. Aucun retard n\u2019a pour l\u2019instant \u00e9t\u00e9 annonc\u00e9.<\/p>\n<p>L\u2019appareil emprunt\u00e9 par le pape, un Airbus A320 immatricul\u00e9 EI-INA et op\u00e9r\u00e9 par ITA Airways, a d\u00e9coll\u00e9 de Rome jeudi 27\u00a0novembre \u00e0 7\u00a0h\u00a058 \u00e0 destination d\u2019Ankara, avant de rejoindre Istanbul dans la soir\u00e9e. Tr\u00e8s vite, il est devenu le vol le plus suivi sur la plateforme de suivi a\u00e9rien Flightradar24.<\/p>\n","protected":false},"excerpt":{"rendered":"Une pi\u00e8ce de l\u2019Airbus A320 dans lequel voyagent le pape L\u00e9on\u00a0XIV et sa d\u00e9l\u00e9gation a \u00e9t\u00e9 envoy\u00e9e en&hellip;\n","protected":false},"author":2,"featured_media":567872,"comment_status":"","ping_status":"","sticky":false,"template":"","format":"standard","meta":{"footnotes":""},"categories":[6],"tags":[35,33,34,1011,27],"class_list":{"0":"post-567871","1":"post","2":"type-post","3":"status-publish","4":"format-standard","5":"has-post-thumbnail","7":"category-economie","8":"tag-business","9":"tag-economie","10":"tag-economy","11":"tag-fr","12":"tag-france"},"share_on_mastodon":{"url":"https:\/\/pubeurope.com\/@fr\/115636140039515497","error":""},"_links":{"self":[{"href":"https:\/\/www.europesays.com\/fr\/wp-json\/wp\/v2\/posts\/567871","targetHints":{"allow":["GET"]}}],"collection":[{"href":"https:\/\/www.europesays.com\/fr\/wp-json\/wp\/v2\/posts"}],"about":[{"href":"https:\/\/www.europesays.com\/fr\/wp-json\/wp\/v2\/types\/post"}],"author":[{"embeddable":true,"href":"https:\/\/www.europesays.com\/fr\/wp-json\/wp\/v2\/users\/2"}],"replies":[{"embeddable":true,"href":"https:\/\/www.europesays.com\/fr\/wp-json\/wp\/v2\/comments?post=567871"}],"version-history":[{"count":0,"href":"https:\/\/www.europesays.com\/fr\/wp-json\/wp\/v2\/posts\/567871\/revisions"}],"wp:featuredmedia":[{"embeddable":true,"href":"https:\/\/www.europesays.com\/fr\/wp-json\/wp\/v2\/media\/567872"}],"wp:attachment":[{"href":"https:\/\/www.europesays.com\/fr\/wp-json\/wp\/v2\/media?parent=567871"}],"wp:term":[{"taxonomy":"category","embeddable":true,"href":"https:\/\/www.europesays.com\/fr\/wp-json\/wp\/v2\/categories?post=567871"},{"taxonomy":"post_tag","embeddable":true,"href":"https:\/\/www.europesays.com\/fr\/wp-json\/wp\/v2\/tags?post=567871"}],"curies":[{"name":"wp","href":"https:\/\/api.w.org\/{rel}","templated":true}]}}